{"id":1124,"date":"2023-07-09T16:51:17","date_gmt":"2023-07-09T13:51:17","guid":{"rendered":"https:\/\/kemer.grandhotelderin.com\/?p=1124"},"modified":"2023-07-09T16:51:17","modified_gmt":"2023-07-09T13:51:17","slug":"patara-plaji","status":"publish","type":"post","link":"http:\/\/kemer.grandhotelderin.com\/index.php\/2023\/07\/09\/patara-plaji\/","title":{"rendered":"Patara Plaj\u0131 Nerede, Nas\u0131l Gidilir?"},"content":{"rendered":"\n\n<div class=\"kk-star-ratings kksr-auto kksr-align-left kksr-valign-top\"\n    data-payload='{&quot;align&quot;:&quot;left&quot;,&quot;id&quot;:&quot;1124&quot;,&quot;slug&quot;:&quot;default&quot;,&quot;valign&quot;:&quot;top&quot;,&quot;ignore&quot;:&quot;&quot;,&quot;reference&quot;:&quot;auto&quot;,&quot;class&quot;:&quot;&quot;,&quot;count&quot;:&quot;1&quot;,&quot;legendonly&quot;:&quot;&quot;,&quot;readonly&quot;:&quot;&quot;,&quot;score&quot;:&quot;5&quot;,&quot;starsonly&quot;:&quot;&quot;,&quot;best&quot;:&quot;5&quot;,&quot;gap&quot;:&quot;5&quot;,&quot;greet&quot;:&quot;Rate this post&quot;,&quot;legend&quot;:&quot;5\\\/5 - (1 vote)&quot;,&quot;size&quot;:&quot;24&quot;,&quot;title&quot;:&quot;Patara Plaj\u0131 Nerede, Nas\u0131l Gidilir?&quot;,&quot;width&quot;:&quot;142.5&quot;,&quot;_legend&quot;:&quot;{score}\\\/{best} - ({count} {votes})&quot;,&quot;font_factor&quot;:&quot;1.25&quot;}'>\n            \n<div class=\"kksr-stars\">\n    \n<div class=\"kksr-stars-inactive\">\n            <div class=\"kksr-star\" data-star=\"1\" style=\"padding-right: 5px\">\n            \n\n<div class=\"kksr-icon\" style=\"width: 24px; height: 24px;\"><\/div>\n        <\/div>\n            <div class=\"kksr-star\" data-star=\"2\" style=\"padding-right: 5px\">\n            \n\n<div class=\"kksr-icon\" style=\"width: 24px; height: 24px;\"><\/div>\n        <\/div>\n            <div class=\"kksr-star\" data-star=\"3\" style=\"padding-right: 5px\">\n            \n\n<div class=\"kksr-icon\" style=\"width: 24px; height: 24px;\"><\/div>\n        <\/div>\n            <div class=\"kksr-star\" data-star=\"4\" style=\"padding-right: 5px\">\n            \n\n<div class=\"kksr-icon\" style=\"width: 24px; height: 24px;\"><\/div>\n        <\/div>\n            <div class=\"kksr-star\" data-star=\"5\" style=\"padding-right: 5px\">\n            \n\n<div class=\"kksr-icon\" style=\"width: 24px; height: 24px;\"><\/div>\n        <\/div>\n    <\/div>\n    \n<div class=\"kksr-stars-active\" style=\"width: 142.5px;\">\n            <div class=\"kksr-star\" style=\"padding-right: 5px\">\n            \n\n<div class=\"kksr-icon\" style=\"width: 24px; height: 24px;\"><\/div>\n        <\/div>\n            <div class=\"kksr-star\" style=\"padding-right: 5px\">\n            \n\n<div class=\"kksr-icon\" style=\"width: 24px; height: 24px;\"><\/div>\n        <\/div>\n            <div class=\"kksr-star\" style=\"padding-right: 5px\">\n            \n\n<div class=\"kksr-icon\" style=\"width: 24px; height: 24px;\"><\/div>\n        <\/div>\n            <div class=\"kksr-star\" style=\"padding-right: 5px\">\n            \n\n<div class=\"kksr-icon\" style=\"width: 24px; height: 24px;\"><\/div>\n        <\/div>\n            <div class=\"kksr-star\" style=\"padding-right: 5px\">\n            \n\n<div class=\"kksr-icon\" style=\"width: 24px; height: 24px;\"><\/div>\n        <\/div>\n    <\/div>\n<\/div>\n                \n\n<div class=\"kksr-legend\" style=\"font-size: 19.2px;\">\n            5\/5 - (1 vote)    <\/div>\n    <\/div>\n\n<p>Patara Plaj\u0131 muhte\u015fem \u00f6tesi do\u011fas\u0131n\u0131n yan\u0131nda d\u00fcnyan\u0131n en eski meclis binas\u0131n\u0131 da tarihinde bar\u0131nd\u0131ran \u00f6zel bir koydur. <strong>Alt\u0131n sar\u0131s\u0131 rengindeki kumlar<\/strong>\u0131 ve u\u00e7suz bucaks\u0131z a\u00e7\u0131lan denizi sayesinde en g\u00fczel plajlar aras\u0131ndad\u0131r.<\/p>\n\n\n\n<p>B\u00f6lgedeki g\u00f6rkemi en iyi \u015fekilde b\u00fcnyesinde bar\u0131nd\u0131ran <strong>Patara Plaj\u0131<\/strong>, 18 km uzunlu\u011fundaki sahili ve 1500 metreye kadar ula\u015fan geni\u015fli\u011fiyle g\u00f6z kama\u015ft\u0131rmaktad\u0131r. \u0130nce ve yumu\u015fac\u0131k kumlar\u0131n\u0131n yan\u0131nda Caretta Caretta\u2019lar\u0131n da yumurtlama alan\u0131 olan plaja sabah 08.00 ila ak\u015fam 20.00 saatleri aras\u0131ndaki zaman zarf\u0131 d\u0131\u015f\u0131nda girmek yasakt\u0131r.<\/p>\n\n\n\n<p>Hem do\u011fal koruma hem de <strong>sit alan\u0131<\/strong> olan plaj ge\u00e7mi\u015f zamanlardan g\u00fcn\u00fcm\u00fcze kadar t\u00fcm do\u011fall\u0131\u011f\u0131n\u0131 korumu\u015ftur. Geni\u015f ve olduk\u00e7a uzun kumsal\u0131nda do\u011fan\u0131n g\u00fcc\u00fcn\u00fc hissetmek, \u00f6zg\u00fcrl\u00fck ile sonsuzlu\u011fu derinden ya\u015famak buraya gelenlere ayr\u0131 bir his katmaktad\u0131r. Konumunun r\u00fczgarlara a\u00e7\u0131k olmas\u0131 nedeniyle deniz dalgalar\u0131n\u0131n eksik olmad\u0131\u011f\u0131 plaj, r\u00fczgar s\u00f6rf\u00e7\u00fclerinin mekan\u0131 gibidir.<\/p>\n\n\n<div class=\"wp-block-image\">\n<figure class=\"aligncenter size-large\"><img decoding=\"async\" src=\"https:\/\/kemer.grandhotelderin.com\/wp-content\/uploads\/2023\/06\/patara-plaji-nerede-1024x683.jpg\" alt=\"Patara Plaj\u0131\" class=\"wp-image-1127\"\/><\/figure>\n<\/div>\n\n\n<p>S\u0131ra d\u0131\u015f\u0131 bir g\u00f6r\u00fcn\u00fcme sahip olan Patara Plaj\u0131 eski T\u00fcrk filmlerine de konu olmu\u015ftur. Pek \u00e7ok \u00e7\u00f6l sahnesinin \u00e7ekildi\u011fi plajda <strong>Kemal Sunal<\/strong> ile <strong>\u015eener<\/strong>\u2019in ba\u015frollerinde oynad\u0131\u011f\u0131 <strong>Tosun Pa\u015fa<\/strong> ve <strong>\u0130brahim Tatl\u0131ses<\/strong>\u2019in <strong>Sabuha<\/strong> filmleri buradaki kum tepelerde sahne alm\u0131\u015ft\u0131r. Kumsal\u0131n hemen orta k\u0131sm\u0131nda yo\u011funla\u015fmakta olan kum tepeleri, plaja benzersiz bir g\u00f6r\u00fcn\u00fcm kazand\u0131rmaktad\u0131r.<\/p>\n\n\n\n<p>Atla gezilebilecek \u015fekilde tertip edilen kum tepelerinin yan\u0131nda <strong>Patara Antik Kenti<\/strong> i\u00e7in d\u00fczenlenen 2.5 saatlik turlarda buraya gelen turistlerin dikkatini \u00e7ekmektedir. Yak\u0131n konumdaki Gelemi\u015f K\u00f6y\u00fc ise hem konaklamak hem de kamp yapmak isteyenler i\u00e7in pek \u00e7ok alternatifi b\u00fcnyesinde bar\u0131nd\u0131rmaktad\u0131r.<\/p>\n\n\n\n<h2 class=\"wp-block-heading\">Patara Plaj\u0131 Nerededir?<\/h2>\n\n\n\n<p>Patara Plaj\u0131, Antalya\u2019n\u0131n K<strong>a\u015f<\/strong> il\u00e7esine yakla\u015f\u0131k 43 km kadar mesafededir. Plaj asl\u0131nda Ka\u015f ile Fethiye il\u00e7eleri aras\u0131nda yer alan <strong>Gelemi\u015f K\u00f6y\u00fc<\/strong> s\u0131n\u0131rlar\u0131na \u00e7ok yak\u0131nd\u0131r. Bir Likya kenti olan Patara ge\u00e7mi\u015f d\u00f6nemde en \u00f6nemli b\u00f6lgeler aras\u0131ndayd\u0131.<\/p>\n\n\n<div class=\"wp-block-image\">\n<figure class=\"aligncenter size-large\"><img decoding=\"async\" src=\"https:\/\/kemer.grandhotelderin.com\/wp-content\/uploads\/2023\/06\/patara-plaji-nasil-gidilir-1024x683.jpg\" alt=\"Patara Plaj\u0131\" class=\"wp-image-1126\"\/><\/figure>\n<\/div>\n\n\n<h2 class=\"wp-block-heading\">Patara Plaj\u0131&#8217;na Nas\u0131l Gidilir?<\/h2>\n\n\n\n<p>Patara Plaj\u0131\u2019na \u00f6zel arac\u0131n\u0131zla ya da \u015fehir i\u00e7i otob\u00fcslerle gitmeniz m\u00fcmk\u00fcnd\u00fcr. <strong>Antalya<\/strong> \u015fehir merkezine 220 km kadar mesafede yer ald\u0131\u011f\u0131ndan varma s\u00fcreniz 4 saate kadar \u00e7\u0131kmaktad\u0131r. <strong>Kalkan<\/strong>\u2019a 17 km, <strong>Ka\u015f<\/strong>\u2019a 43 km, <strong>Fethiye<\/strong>\u2019ye de 73 km uzakl\u0131kta bulunan plaja ula\u015fmak i\u00e7in Gelemi\u015f K\u00f6y\u00fc\u2019ne geldikten sonra y\u00fcr\u00fcyerek 20 dakika, arac\u0131n\u0131zla ise 5 dakikal\u0131k bir s\u00fcrede varabilirsiniz.<\/p>\n\n\n\n<div itemscope itemtype=\"https:\/\/schema.org\/FAQPage\" class=\"classyschema-faqpage\">\n\t<div itemscope itemprop=\"mainEntity\" itemtype=\"https:\/\/schema.org\/Question\" class=\"classyschema-faqpage-qanda\">\n\t\t<h3 itemprop=\"name\" class=\"classyschema-faqpage-question\">Patara Plaj\u0131 Nerede Var?<\/h3>\n\t\t<div itemscope itemprop=\"acceptedAnswer\" itemtype=\"https:\/\/schema.org\/Answer\" class=\"classyschema-faqpage-answer\">\n\t\t\t<div itemprop=\"text\">\n<p>Patara Plaj\u0131, Antalya ili s\u0131n\u0131rlar\u0131 i\u00e7erisindedir. Ka\u015f ile Fethiye il\u00e7eleri aras\u0131nda kalan plaj asl\u0131nda Gelemin K\u00f6y\u00fc\u2019ne aittir. Ad\u0131n\u0131 Patara Antik Kenti\u2019nden alan plaj\u0131n sahil uzunlu\u011fu ise 12 km\u2019dir.<\/p>\n\t\t\t<\/div>\n\t\t<\/div>\n\t<\/div>\n\t<div itemscope itemprop=\"mainEntity\" itemtype=\"https:\/\/schema.org\/Question\" class=\"classyschema-faqpage-qanda\">\n\t\t<h3 itemprop=\"name\" class=\"classyschema-faqpage-question\">Patara Plaj\u0131 Giri\u015f \u00dccreti Ne Kadar?<\/h3>\n\t\t<div itemscope itemprop=\"acceptedAnswer\" itemtype=\"https:\/\/schema.org\/Answer\" class=\"classyschema-faqpage-answer\">\n\t\t\t<div itemprop=\"text\">\n<p>Patara Plaj\u0131\u2019na giri\u015f \u00fccreti 2023 y\u0131l\u0131 i\u00e7in 85 TL civarlar\u0131ndand\u0131r. M\u00fcze Kart\u2019\u0131n ge\u00e7erli oldu\u011fu plajda \u015fezlong ve \u015femsiye i\u00e7inde kiralama \u00fccreti \u00f6demek durumundas\u0131n\u0131z.<\/p>\n\t\t\t<\/div>\n\t\t<\/div>\n\t<\/div>\n\t<div itemscope itemprop=\"mainEntity\" itemtype=\"https:\/\/schema.org\/Question\" class=\"classyschema-faqpage-qanda\">\n\t\t<h3 itemprop=\"name\" class=\"classyschema-faqpage-question\">Patara Plaj\u0131 Hangi \u0130lde?<\/h3>\n\t\t<div itemscope itemprop=\"acceptedAnswer\" itemtype=\"https:\/\/schema.org\/Answer\" class=\"classyschema-faqpage-answer\">\n\t\t\t<div itemprop=\"text\">\n<p>Patara Plaj\u0131, Antalya\u2019dad\u0131r. Ka\u015f ile Kalkan il\u00e7elerine biraz daha yak\u0131n konumda olan plaj ge\u00e7mi\u015f zamanlarda bir Likya kentiydi.<\/p>\n\t\t\t<\/div>\n\t\t<\/div>\n\t<\/div>\n\t<div itemscope itemprop=\"mainEntity\" itemtype=\"https:\/\/schema.org\/Question\" class=\"classyschema-faqpage-qanda\">\n\t\t<h3 itemprop=\"name\" class=\"classyschema-faqpage-question\">Patara Plaj\u0131 Du\u015f Var M\u0131?<\/h3>\n\t\t<div itemscope itemprop=\"acceptedAnswer\" itemtype=\"https:\/\/schema.org\/Answer\" class=\"classyschema-faqpage-answer\">\n\t\t\t<div itemprop=\"text\">\n<p>Patara Plaj\u0131\u2019nda \u00fccretsiz bir \u015fekilde du\u015f ve tuvalet imkan\u0131 bulunmaktad\u0131r.<\/p>\n\t\t\t<\/div>\n\t\t<\/div>\n\t<\/div>\n<\/div>\n","protected":false},"excerpt":{"rendered":"<p>Patara Plaj\u0131 muhte\u015fem \u00f6tesi do\u011fas\u0131n\u0131n yan\u0131nda d\u00fcnyan\u0131n en eski meclis binas\u0131n\u0131 da tarihinde bar\u0131nd\u0131ran \u00f6zel bir koydur. Alt\u0131n sar\u0131s\u0131 rengindeki kumlar\u0131 ve u\u00e7suz bucaks\u0131z a\u00e7\u0131lan denizi sayesinde en g\u00fczel plajlar aras\u0131ndad\u0131r. B\u00f6lgedeki g\u00f6rkemi en iyi \u015fekilde b\u00fcnyesinde bar\u0131nd\u0131ran Patara Plaj\u0131, 18 km uzunlu\u011fundaki sahili ve 1500 metreye kadar ula\u015fan geni\u015fli\u011fiyle g\u00f6z kama\u015ft\u0131rmaktad\u0131r. \u0130nce ve yumu\u015fac\u0131k [&hellip;]<\/p>\n","protected":false},"author":1,"featured_media":1125,"comment_status":"open","ping_status":"open","sticky":false,"template":"","format":"standard","meta":{"content-type":"","_joinchat":[],"footnotes":""},"categories":[7],"tags":[],"class_list":{"0":"post-1124","1":"post","2":"type-post","3":"status-publish","4":"format-standard","5":"has-post-thumbnail","7":"category-gezilecek-yerler"},"yoast_head":"<!-- This site is optimized with the Yoast SEO plugin v27.3 - https:\/\/yoast.com\/product\/yoast-seo-wordpress\/ -->\n<title>Patara Plaj\u0131 Nerede, Nas\u0131l Gidilir? 2023 Giri\u015f \u00dccreti<\/title>\n<meta name=\"description\" content=\"Patara Plaj\u0131, 18 km uzunlu\u011fundaki sahili ve g\u00f6z kama\u015ft\u0131r\u0131c\u0131 do\u011fas\u0131yla ge\u00e7mi\u015f zamanlardan g\u00fcn\u00fcm\u00fcze kadar gelen bir d\u00fcnya harikas\u0131d\u0131r.\" \/>\n<meta name=\"robots\" content=\"index, follow, max-snippet:-1, max-image-preview:large, max-video-preview:-1\" \/>\n<link rel=\"canonical\" href=\"http:\/\/kemer.grandhotelderin.com\/index.php\/2023\/07\/09\/patara-plaji\/\" \/>\n<meta property=\"og:locale\" content=\"tr_TR\" \/>\n<meta property=\"og:type\" content=\"article\" \/>\n<meta property=\"og:title\" content=\"Patara Plaj\u0131 Nerede, Nas\u0131l Gidilir? 2023 Giri\u015f \u00dccreti\" \/>\n<meta property=\"og:description\" content=\"Patara Plaj\u0131, 18 km uzunlu\u011fundaki sahili ve g\u00f6z kama\u015ft\u0131r\u0131c\u0131 do\u011fas\u0131yla ge\u00e7mi\u015f zamanlardan g\u00fcn\u00fcm\u00fcze kadar gelen bir d\u00fcnya harikas\u0131d\u0131r.\" \/>\n<meta property=\"og:url\" content=\"http:\/\/kemer.grandhotelderin.com\/index.php\/2023\/07\/09\/patara-plaji\/\" \/>\n<meta property=\"og:site_name\" content=\"Kemer Otelleri\" \/>\n<meta property=\"article:published_time\" content=\"2023-07-09T13:51:17+00:00\" \/>\n<meta name=\"author\" content=\"admin\" \/>\n<meta name=\"twitter:card\" content=\"summary_large_image\" \/>\n<meta name=\"twitter:label1\" content=\"Yazan:\" \/>\n\t<meta name=\"twitter:data1\" content=\"admin\" \/>\n\t<meta name=\"twitter:label2\" content=\"Tahmini okuma s\u00fcresi\" \/>\n\t<meta name=\"twitter:data2\" content=\"3 dakika\" \/>\n<script type=\"application\/ld+json\" class=\"yoast-schema-graph\">{\"@context\":\"https:\\\/\\\/schema.org\",\"@graph\":[{\"@type\":\"Article\",\"@id\":\"http:\\\/\\\/kemer.grandhotelderin.com\\\/index.php\\\/2023\\\/07\\\/09\\\/patara-plaji\\\/#article\",\"isPartOf\":{\"@id\":\"http:\\\/\\\/kemer.grandhotelderin.com\\\/index.php\\\/2023\\\/07\\\/09\\\/patara-plaji\\\/\"},\"author\":{\"name\":\"admin\",\"@id\":\"https:\\\/\\\/kemer.grandhotelderin.com\\\/#\\\/schema\\\/person\\\/d3fd8124c80c636225a272365fa4017d\"},\"headline\":\"Patara Plaj\u0131 Nerede, Nas\u0131l Gidilir?\",\"datePublished\":\"2023-07-09T13:51:17+00:00\",\"mainEntityOfPage\":{\"@id\":\"http:\\\/\\\/kemer.grandhotelderin.com\\\/index.php\\\/2023\\\/07\\\/09\\\/patara-plaji\\\/\"},\"wordCount\":579,\"commentCount\":0,\"image\":{\"@id\":\"http:\\\/\\\/kemer.grandhotelderin.com\\\/index.php\\\/2023\\\/07\\\/09\\\/patara-plaji\\\/#primaryimage\"},\"thumbnailUrl\":\"\",\"articleSection\":[\"Gezilecek Yerler\"],\"inLanguage\":\"tr\",\"potentialAction\":[{\"@type\":\"CommentAction\",\"name\":\"Comment\",\"target\":[\"http:\\\/\\\/kemer.grandhotelderin.com\\\/index.php\\\/2023\\\/07\\\/09\\\/patara-plaji\\\/#respond\"]}]},{\"@type\":\"WebPage\",\"@id\":\"http:\\\/\\\/kemer.grandhotelderin.com\\\/index.php\\\/2023\\\/07\\\/09\\\/patara-plaji\\\/\",\"url\":\"http:\\\/\\\/kemer.grandhotelderin.com\\\/index.php\\\/2023\\\/07\\\/09\\\/patara-plaji\\\/\",\"name\":\"Patara Plaj\u0131 Nerede, Nas\u0131l Gidilir? 2023 Giri\u015f \u00dccreti\",\"isPartOf\":{\"@id\":\"https:\\\/\\\/kemer.grandhotelderin.com\\\/#website\"},\"primaryImageOfPage\":{\"@id\":\"http:\\\/\\\/kemer.grandhotelderin.com\\\/index.php\\\/2023\\\/07\\\/09\\\/patara-plaji\\\/#primaryimage\"},\"image\":{\"@id\":\"http:\\\/\\\/kemer.grandhotelderin.com\\\/index.php\\\/2023\\\/07\\\/09\\\/patara-plaji\\\/#primaryimage\"},\"thumbnailUrl\":\"\",\"datePublished\":\"2023-07-09T13:51:17+00:00\",\"author\":{\"@id\":\"https:\\\/\\\/kemer.grandhotelderin.com\\\/#\\\/schema\\\/person\\\/d3fd8124c80c636225a272365fa4017d\"},\"description\":\"Patara Plaj\u0131, 18 km uzunlu\u011fundaki sahili ve g\u00f6z kama\u015ft\u0131r\u0131c\u0131 do\u011fas\u0131yla ge\u00e7mi\u015f zamanlardan g\u00fcn\u00fcm\u00fcze kadar gelen bir d\u00fcnya harikas\u0131d\u0131r.\",\"breadcrumb\":{\"@id\":\"http:\\\/\\\/kemer.grandhotelderin.com\\\/index.php\\\/2023\\\/07\\\/09\\\/patara-plaji\\\/#breadcrumb\"},\"inLanguage\":\"tr\",\"potentialAction\":[{\"@type\":\"ReadAction\",\"target\":[\"http:\\\/\\\/kemer.grandhotelderin.com\\\/index.php\\\/2023\\\/07\\\/09\\\/patara-plaji\\\/\"]}]},{\"@type\":\"ImageObject\",\"inLanguage\":\"tr\",\"@id\":\"http:\\\/\\\/kemer.grandhotelderin.com\\\/index.php\\\/2023\\\/07\\\/09\\\/patara-plaji\\\/#primaryimage\",\"url\":\"\",\"contentUrl\":\"\"},{\"@type\":\"BreadcrumbList\",\"@id\":\"http:\\\/\\\/kemer.grandhotelderin.com\\\/index.php\\\/2023\\\/07\\\/09\\\/patara-plaji\\\/#breadcrumb\",\"itemListElement\":[{\"@type\":\"ListItem\",\"position\":1,\"name\":\"Anasayfa\",\"item\":\"https:\\\/\\\/kemer.grandhotelderin.com\\\/\"},{\"@type\":\"ListItem\",\"position\":2,\"name\":\"Patara Plaj\u0131 Nerede, Nas\u0131l Gidilir?\"}]},{\"@type\":\"WebSite\",\"@id\":\"https:\\\/\\\/kemer.grandhotelderin.com\\\/#website\",\"url\":\"https:\\\/\\\/kemer.grandhotelderin.com\\\/\",\"name\":\"Kemer Otelleri\",\"description\":\"\",\"potentialAction\":[{\"@type\":\"SearchAction\",\"target\":{\"@type\":\"EntryPoint\",\"urlTemplate\":\"https:\\\/\\\/kemer.grandhotelderin.com\\\/?s={search_term_string}\"},\"query-input\":{\"@type\":\"PropertyValueSpecification\",\"valueRequired\":true,\"valueName\":\"search_term_string\"}}],\"inLanguage\":\"tr\"},{\"@type\":\"Person\",\"@id\":\"https:\\\/\\\/kemer.grandhotelderin.com\\\/#\\\/schema\\\/person\\\/d3fd8124c80c636225a272365fa4017d\",\"name\":\"admin\",\"image\":{\"@type\":\"ImageObject\",\"inLanguage\":\"tr\",\"@id\":\"https:\\\/\\\/secure.gravatar.com\\\/avatar\\\/69262a7634a31669ecd9a90e6a8d129de88541c89aeba11b012fcb5326fba0f4?s=96&d=mm&r=g\",\"url\":\"https:\\\/\\\/secure.gravatar.com\\\/avatar\\\/69262a7634a31669ecd9a90e6a8d129de88541c89aeba11b012fcb5326fba0f4?s=96&d=mm&r=g\",\"contentUrl\":\"https:\\\/\\\/secure.gravatar.com\\\/avatar\\\/69262a7634a31669ecd9a90e6a8d129de88541c89aeba11b012fcb5326fba0f4?s=96&d=mm&r=g\",\"caption\":\"admin\"},\"sameAs\":[\"http:\\\/\\\/kemer.grandhotelderin.com\"],\"url\":\"http:\\\/\\\/kemer.grandhotelderin.com\\\/index.php\\\/author\\\/admin\\\/\"}]}<\/script>\n<!-- \/ Yoast SEO plugin. -->","yoast_head_json":{"title":"Patara Plaj\u0131 Nerede, Nas\u0131l Gidilir? 2023 Giri\u015f \u00dccreti","description":"Patara Plaj\u0131, 18 km uzunlu\u011fundaki sahili ve g\u00f6z kama\u015ft\u0131r\u0131c\u0131 do\u011fas\u0131yla ge\u00e7mi\u015f zamanlardan g\u00fcn\u00fcm\u00fcze kadar gelen bir d\u00fcnya harikas\u0131d\u0131r.","robots":{"index":"index","follow":"follow","max-snippet":"max-snippet:-1","max-image-preview":"max-image-preview:large","max-video-preview":"max-video-preview:-1"},"canonical":"http:\/\/kemer.grandhotelderin.com\/index.php\/2023\/07\/09\/patara-plaji\/","og_locale":"tr_TR","og_type":"article","og_title":"Patara Plaj\u0131 Nerede, Nas\u0131l Gidilir? 2023 Giri\u015f \u00dccreti","og_description":"Patara Plaj\u0131, 18 km uzunlu\u011fundaki sahili ve g\u00f6z kama\u015ft\u0131r\u0131c\u0131 do\u011fas\u0131yla ge\u00e7mi\u015f zamanlardan g\u00fcn\u00fcm\u00fcze kadar gelen bir d\u00fcnya harikas\u0131d\u0131r.","og_url":"http:\/\/kemer.grandhotelderin.com\/index.php\/2023\/07\/09\/patara-plaji\/","og_site_name":"Kemer Otelleri","article_published_time":"2023-07-09T13:51:17+00:00","author":"admin","twitter_card":"summary_large_image","twitter_misc":{"Yazan:":"admin","Tahmini okuma s\u00fcresi":"3 dakika"},"schema":{"@context":"https:\/\/schema.org","@graph":[{"@type":"Article","@id":"http:\/\/kemer.grandhotelderin.com\/index.php\/2023\/07\/09\/patara-plaji\/#article","isPartOf":{"@id":"http:\/\/kemer.grandhotelderin.com\/index.php\/2023\/07\/09\/patara-plaji\/"},"author":{"name":"admin","@id":"https:\/\/kemer.grandhotelderin.com\/#\/schema\/person\/d3fd8124c80c636225a272365fa4017d"},"headline":"Patara Plaj\u0131 Nerede, Nas\u0131l Gidilir?","datePublished":"2023-07-09T13:51:17+00:00","mainEntityOfPage":{"@id":"http:\/\/kemer.grandhotelderin.com\/index.php\/2023\/07\/09\/patara-plaji\/"},"wordCount":579,"commentCount":0,"image":{"@id":"http:\/\/kemer.grandhotelderin.com\/index.php\/2023\/07\/09\/patara-plaji\/#primaryimage"},"thumbnailUrl":"","articleSection":["Gezilecek Yerler"],"inLanguage":"tr","potentialAction":[{"@type":"CommentAction","name":"Comment","target":["http:\/\/kemer.grandhotelderin.com\/index.php\/2023\/07\/09\/patara-plaji\/#respond"]}]},{"@type":"WebPage","@id":"http:\/\/kemer.grandhotelderin.com\/index.php\/2023\/07\/09\/patara-plaji\/","url":"http:\/\/kemer.grandhotelderin.com\/index.php\/2023\/07\/09\/patara-plaji\/","name":"Patara Plaj\u0131 Nerede, Nas\u0131l Gidilir? 2023 Giri\u015f \u00dccreti","isPartOf":{"@id":"https:\/\/kemer.grandhotelderin.com\/#website"},"primaryImageOfPage":{"@id":"http:\/\/kemer.grandhotelderin.com\/index.php\/2023\/07\/09\/patara-plaji\/#primaryimage"},"image":{"@id":"http:\/\/kemer.grandhotelderin.com\/index.php\/2023\/07\/09\/patara-plaji\/#primaryimage"},"thumbnailUrl":"","datePublished":"2023-07-09T13:51:17+00:00","author":{"@id":"https:\/\/kemer.grandhotelderin.com\/#\/schema\/person\/d3fd8124c80c636225a272365fa4017d"},"description":"Patara Plaj\u0131, 18 km uzunlu\u011fundaki sahili ve g\u00f6z kama\u015ft\u0131r\u0131c\u0131 do\u011fas\u0131yla ge\u00e7mi\u015f zamanlardan g\u00fcn\u00fcm\u00fcze kadar gelen bir d\u00fcnya harikas\u0131d\u0131r.","breadcrumb":{"@id":"http:\/\/kemer.grandhotelderin.com\/index.php\/2023\/07\/09\/patara-plaji\/#breadcrumb"},"inLanguage":"tr","potentialAction":[{"@type":"ReadAction","target":["http:\/\/kemer.grandhotelderin.com\/index.php\/2023\/07\/09\/patara-plaji\/"]}]},{"@type":"ImageObject","inLanguage":"tr","@id":"http:\/\/kemer.grandhotelderin.com\/index.php\/2023\/07\/09\/patara-plaji\/#primaryimage","url":"","contentUrl":""},{"@type":"BreadcrumbList","@id":"http:\/\/kemer.grandhotelderin.com\/index.php\/2023\/07\/09\/patara-plaji\/#breadcrumb","itemListElement":[{"@type":"ListItem","position":1,"name":"Anasayfa","item":"https:\/\/kemer.grandhotelderin.com\/"},{"@type":"ListItem","position":2,"name":"Patara Plaj\u0131 Nerede, Nas\u0131l Gidilir?"}]},{"@type":"WebSite","@id":"https:\/\/kemer.grandhotelderin.com\/#website","url":"https:\/\/kemer.grandhotelderin.com\/","name":"Kemer Otelleri","description":"","potentialAction":[{"@type":"SearchAction","target":{"@type":"EntryPoint","urlTemplate":"https:\/\/kemer.grandhotelderin.com\/?s={search_term_string}"},"query-input":{"@type":"PropertyValueSpecification","valueRequired":true,"valueName":"search_term_string"}}],"inLanguage":"tr"},{"@type":"Person","@id":"https:\/\/kemer.grandhotelderin.com\/#\/schema\/person\/d3fd8124c80c636225a272365fa4017d","name":"admin","image":{"@type":"ImageObject","inLanguage":"tr","@id":"https:\/\/secure.gravatar.com\/avatar\/69262a7634a31669ecd9a90e6a8d129de88541c89aeba11b012fcb5326fba0f4?s=96&d=mm&r=g","url":"https:\/\/secure.gravatar.com\/avatar\/69262a7634a31669ecd9a90e6a8d129de88541c89aeba11b012fcb5326fba0f4?s=96&d=mm&r=g","contentUrl":"https:\/\/secure.gravatar.com\/avatar\/69262a7634a31669ecd9a90e6a8d129de88541c89aeba11b012fcb5326fba0f4?s=96&d=mm&r=g","caption":"admin"},"sameAs":["http:\/\/kemer.grandhotelderin.com"],"url":"http:\/\/kemer.grandhotelderin.com\/index.php\/author\/admin\/"}]}},"jetpack_featured_media_url":"","_links":{"self":[{"href":"http:\/\/kemer.grandhotelderin.com\/index.php\/wp-json\/wp\/v2\/posts\/1124","targetHints":{"allow":["GET"]}}],"collection":[{"href":"http:\/\/kemer.grandhotelderin.com\/index.php\/wp-json\/wp\/v2\/posts"}],"about":[{"href":"http:\/\/kemer.grandhotelderin.com\/index.php\/wp-json\/wp\/v2\/types\/post"}],"author":[{"embeddable":true,"href":"http:\/\/kemer.grandhotelderin.com\/index.php\/wp-json\/wp\/v2\/users\/1"}],"replies":[{"embeddable":true,"href":"http:\/\/kemer.grandhotelderin.com\/index.php\/wp-json\/wp\/v2\/comments?post=1124"}],"version-history":[{"count":0,"href":"http:\/\/kemer.grandhotelderin.com\/index.php\/wp-json\/wp\/v2\/posts\/1124\/revisions"}],"wp:featuredmedia":[{"embeddable":true,"href":"http:\/\/kemer.grandhotelderin.com\/index.php\/wp-json\/"}],"wp:attachment":[{"href":"http:\/\/kemer.grandhotelderin.com\/index.php\/wp-json\/wp\/v2\/media?parent=1124"}],"wp:term":[{"taxonomy":"category","embeddable":true,"href":"http:\/\/kemer.grandhotelderin.com\/index.php\/wp-json\/wp\/v2\/categories?post=1124"},{"taxonomy":"post_tag","embeddable":true,"href":"http:\/\/kemer.grandhotelderin.com\/index.php\/wp-json\/wp\/v2\/tags?post=1124"}],"curies":[{"name":"wp","href":"https:\/\/api.w.org\/{rel}","templated":true}]}}