{"id":1327,"date":"2024-03-06T18:46:55","date_gmt":"2024-03-06T15:46:55","guid":{"rendered":"https:\/\/kemer.grandhotelderin.com\/?p=1327"},"modified":"2024-03-06T18:46:55","modified_gmt":"2024-03-06T15:46:55","slug":"riva-elmasburnu-kadinlar-plaji","status":"publish","type":"post","link":"http:\/\/kemer.grandhotelderin.com\/index.php\/2024\/03\/06\/riva-elmasburnu-kadinlar-plaji\/","title":{"rendered":"Riva Elmasburnu Kad\u0131nlar Plaj\u0131 Nerede, Nas\u0131l Gidilir?"},"content":{"rendered":"\n\n<div class=\"kk-star-ratings kksr-auto kksr-align-left kksr-valign-top\"\n    data-payload='{&quot;align&quot;:&quot;left&quot;,&quot;id&quot;:&quot;1327&quot;,&quot;slug&quot;:&quot;default&quot;,&quot;valign&quot;:&quot;top&quot;,&quot;ignore&quot;:&quot;&quot;,&quot;reference&quot;:&quot;auto&quot;,&quot;class&quot;:&quot;&quot;,&quot;count&quot;:&quot;3&quot;,&quot;legendonly&quot;:&quot;&quot;,&quot;readonly&quot;:&quot;&quot;,&quot;score&quot;:&quot;5&quot;,&quot;starsonly&quot;:&quot;&quot;,&quot;best&quot;:&quot;5&quot;,&quot;gap&quot;:&quot;5&quot;,&quot;greet&quot;:&quot;Rate this post&quot;,&quot;legend&quot;:&quot;5\\\/5 - (3 votes)&quot;,&quot;size&quot;:&quot;24&quot;,&quot;title&quot;:&quot;Riva Elmasburnu Kad\u0131nlar Plaj\u0131 Nerede, Nas\u0131l Gidilir?&quot;,&quot;width&quot;:&quot;142.5&quot;,&quot;_legend&quot;:&quot;{score}\\\/{best} - ({count} {votes})&quot;,&quot;font_factor&quot;:&quot;1.25&quot;}'>\n            \n<div class=\"kksr-stars\">\n    \n<div class=\"kksr-stars-inactive\">\n            <div class=\"kksr-star\" data-star=\"1\" style=\"padding-right: 5px\">\n            \n\n<div class=\"kksr-icon\" style=\"width: 24px; height: 24px;\"><\/div>\n        <\/div>\n            <div class=\"kksr-star\" data-star=\"2\" style=\"padding-right: 5px\">\n            \n\n<div class=\"kksr-icon\" style=\"width: 24px; height: 24px;\"><\/div>\n        <\/div>\n            <div class=\"kksr-star\" data-star=\"3\" style=\"padding-right: 5px\">\n            \n\n<div class=\"kksr-icon\" style=\"width: 24px; height: 24px;\"><\/div>\n        <\/div>\n            <div class=\"kksr-star\" data-star=\"4\" style=\"padding-right: 5px\">\n            \n\n<div class=\"kksr-icon\" style=\"width: 24px; height: 24px;\"><\/div>\n        <\/div>\n            <div class=\"kksr-star\" data-star=\"5\" style=\"padding-right: 5px\">\n            \n\n<div class=\"kksr-icon\" style=\"width: 24px; height: 24px;\"><\/div>\n        <\/div>\n    <\/div>\n    \n<div class=\"kksr-stars-active\" style=\"width: 142.5px;\">\n            <div class=\"kksr-star\" style=\"padding-right: 5px\">\n            \n\n<div class=\"kksr-icon\" style=\"width: 24px; height: 24px;\"><\/div>\n        <\/div>\n            <div class=\"kksr-star\" style=\"padding-right: 5px\">\n            \n\n<div class=\"kksr-icon\" style=\"width: 24px; height: 24px;\"><\/div>\n        <\/div>\n            <div class=\"kksr-star\" style=\"padding-right: 5px\">\n            \n\n<div class=\"kksr-icon\" style=\"width: 24px; height: 24px;\"><\/div>\n        <\/div>\n            <div class=\"kksr-star\" style=\"padding-right: 5px\">\n            \n\n<div class=\"kksr-icon\" style=\"width: 24px; height: 24px;\"><\/div>\n        <\/div>\n            <div class=\"kksr-star\" style=\"padding-right: 5px\">\n            \n\n<div class=\"kksr-icon\" style=\"width: 24px; height: 24px;\"><\/div>\n        <\/div>\n    <\/div>\n<\/div>\n                \n\n<div class=\"kksr-legend\" style=\"font-size: 19.2px;\">\n            5\/5 - (3 votes)    <\/div>\n    <\/div>\n\n<p>Riva Elmasburnu Kad\u0131nlar Plaj\u0131 \u00f6zellikle yaz sezonunda bayanlar\u0131n b\u00fcy\u00fck ilgisini \u00e7ekmektedir. <strong>Elmasburnu Tabiat Park\u0131<\/strong> i\u00e7erisinde yer alan bu plaj, deniz ile kumsal keyfinin yan\u0131nda orman i\u00e7erisindeki piknik alanlar\u0131yla da tercih sebeplerindendir.<\/p>\n\n\n\n<p>\u0130stanbul\u2019un en g\u00fczel koylar\u0131 aras\u0131nda g\u00f6sterilen <strong>Elmasburnu Koyu<\/strong>, kad\u0131nlara \u00f6zel plaj\u0131nda; 29 adet \u00f6zel locas\u0131, deniz manzaras\u0131 olan restoran\u0131, piknik alanlar\u0131 ve elektrikli yolcu servisiyle Riva Elmasburnu Tabiat Park\u0131 i\u00e7erisinde keyifli bir deniz sefas\u0131 imkan\u0131 sunmaktad\u0131r. Beykoz Belediyesi taraf\u0131ndan i\u015fletilen ve \u0130stanbul \u015fehir merkezine olduk\u00e7a yak\u0131n bir konumda bulunan <strong>Riva Elmasburnu Kad\u0131nlar Plaj\u0131<\/strong>, modern tesisleri ve kaliteli hizmet anlay\u0131\u015f\u0131n\u0131 benimseyerek tatilcilerin g\u00f6zdesi haline gelmi\u015ftir.<\/p>\n\n\n<div class=\"wp-block-image\">\n<figure class=\"aligncenter size-large\"><img decoding=\"async\" src=\"https:\/\/kemer.grandhotelderin.com\/wp-content\/uploads\/2023\/07\/riva-elmasburnu-kadinlar-plaji-1-1024x1024.jpg\" alt=\"Riva Elmasburnu Kad\u0131nlar Plaj\u0131\" class=\"wp-image-1330\"\/><\/figure>\n<\/div>\n\n\n<p>Tesis i\u00e7erisinde maviyle ye\u015filin b\u00fct\u00fcnle\u015fti\u011fi manzaraya kar\u015f\u0131 piknik yapmak ad\u0131na mesire alanlar\u0131 ile y\u00fcr\u00fcy\u00fc\u015f parkuru ve \u00e7ocuk park\u0131 bulunmaktad\u0131r. <strong>Do\u011falgazl\u0131 mangal \u00fcniteleri<\/strong>nde piknik\u00e7iler i\u00e7in zahmetsiz ve do\u011faya sayg\u0131l\u0131 bir \u015fekilde piknik yapma imkan\u0131 ve restoranda da misafirler i\u00e7in lezzetli ve ferah i\u00e7eceklerden olu\u015fan zengin men\u00fcler yer almaktad\u0131r.<\/p>\n\n\n\n<h2 class=\"wp-block-heading\">Riva Elmasburnu Kad\u0131nlar Plaj\u0131 Nerededir?<\/h2>\n\n\n\n<p>Riva Elmasburnu Kad\u0131nlar Plaj\u0131, \u0130stanbul\u2019un <strong>Beykoz<\/strong> il\u00e7esi s\u0131n\u0131rlar\u0131 i\u00e7erisindedir. <strong>Riva<\/strong> semtinde bulunan plaj; <strong>Sal\u0131, \u00c7ar\u015famba, Per\u015fembe ve Cuma g\u00fcnleri<\/strong> sadece kad\u0131nlara hizmet vermektedir. Kad\u0131nlara \u00f6zel olan plaj g\u00fcnlerinde 7 ya\u015f\u0131n \u00fczerindeki erkek \u00e7ocuklar tesislere al\u0131nmamakla birlikte \u00e7al\u0131\u015fan personelin tamam\u0131 da kad\u0131nlardan olu\u015fmaktad\u0131r.<\/p>\n\n\n\n<p><strong>Cumartesi, Pazar ve Pazartesi<\/strong> g\u00fcnleri de plajdan kad\u0131nlar ve erkekler ortak olarak yararlanabilmektedir.<\/p>\n\n\n\n<h2 class=\"wp-block-heading\">Riva Elmasburnu Kad\u0131nlar Plaj\u0131 A\u00e7\u0131k M\u0131?<\/h2>\n\n\n\n<p>\u0130stanbul\u2019un Beykoz il\u00e7esindeki Riva Elmasburnu Kad\u0131nlar Plaj\u0131, <strong>4 Temmuz<\/strong> 2023 Sal\u0131 g\u00fcn\u00fc yaz sezonunu a\u00e7m\u0131\u015ft\u0131r.<\/p>\n\n\n<div class=\"wp-block-image\">\n<figure class=\"aligncenter size-large\"><img decoding=\"async\" src=\"https:\/\/kemer.grandhotelderin.com\/wp-content\/uploads\/2023\/07\/riva-elmasburnu-kadinlar-plaji-2-1024x1024.jpg\" alt=\"Riva Elmasburnu Kad\u0131nlar Plaj\u0131\" class=\"wp-image-1331\"\/><\/figure>\n<\/div>\n\n\n<h2 class=\"wp-block-heading\">Riva Elmasburnu Kad\u0131nlar Plaj\u0131&#8217;na Nas\u0131l Gidilir?<\/h2>\n\n\n\n<p>Beykoz\u2019daki Riva Elmasburnu Kad\u0131nlar Plaj\u0131\u2019na toplu ta\u015f\u0131mayla gitmek i\u00e7in Beykoz\u2019un merkezine ula\u015ft\u0131ktan sonra <strong>137 no&#8217;lu Cumhuriyet K\u00f6y\u00fc-Riva hatl\u0131 \u0130ETT otob\u00fcsleri<\/strong>ne ya da <strong>Riva minib\u00fcsleri<\/strong>ne binmeniz gerekmektedir.<\/p>\n\n\n\n<p><strong>Anadolu Yakas\u0131\u2019ndan plaja ula\u015fmak i\u00e7in<\/strong> Fatih Sultan Mehmet K\u00f6pr\u00fcs\u00fc \u00e7evre yolundan ilerlerken k\u00f6pr\u00fcden \u00f6nce son \u00e7\u0131k\u0131\u015f noktas\u0131 olan Kavac\u0131k Kav\u015fa\u011f\u0131\u2019ndan \u00e7\u0131kman\u0131z gerekmektedir. \u00d6ncelikle Kavac\u0131k, Beykoz, Riva tabelalar\u0131n\u0131 daha sonras\u0131nda da Acarlar Mahallesi, Polonezk\u00f6y, Riva tabelalar\u0131n\u0131 takip ederek yakla\u015f\u0131k yar\u0131m saat sonunda Riva\u2019ya ula\u015fabilirsiniz.<\/p>\n\n\n\n<p><strong>Avrupa Yakas\u0131\u2019ndan plaja ula\u015fmak i\u00e7in<\/strong> Fatih Sultan Mehmet K\u00f6pr\u00fcs\u00fc\u2019n\u00fc ge\u00e7tikten sonra ilk \u00e7\u0131k\u0131\u015f olan Kavac\u0131k sapa\u011f\u0131ndan ayr\u0131larak ayn\u0131 tabelalar\u0131 takip etmeniz gerekmektedir. Riva\u2019n\u0131n merkezine ula\u015ft\u0131ktan sonra Jandarma binas\u0131 istikametine do\u011fru gideceksiniz. Plajda \u00fccretli otopark hizmeti bulunmaktad\u0131r.<\/p>\n\n\n<div class=\"wp-block-image\">\n<figure class=\"aligncenter size-large\"><img decoding=\"async\" src=\"https:\/\/kemer.grandhotelderin.com\/wp-content\/uploads\/2023\/07\/riva-elmasburnu-kadinlar-plaji-3-1024x1024.jpg\" alt=\"Riva Elmasburnu Kad\u0131nlar Plaj\u0131\" class=\"wp-image-1332\"\/><\/figure>\n<\/div>\n\n\n<h2 class=\"wp-block-heading\">Riva Elmasburnu Kad\u0131nlar Plaj\u0131 Giri\u015f \u00dccreti 2023<\/h2>\n\n\n\n<p>Riva Elmasburnu Kad\u0131nlar Plaj\u0131 i\u00e7in <strong>giri\u015f \u00fccretleri<\/strong> 2023 y\u0131l\u0131 i\u00e7in yeniden d\u00fczenlenmi\u015ftir.<\/p>\n\n\n\n<p><strong>1. tip Kamelya:<\/strong> 45 TL<br><strong>2.tip Kamelya:<\/strong> 90 TL<br><strong>\u015eezlong:<\/strong> 20 TL<br><strong>\u015eemsiye:<\/strong> 20 TL<br><strong>Loca (yemekli):<\/strong> 300 TL<\/p>\n\n\n\n<div itemscope itemtype=\"https:\/\/schema.org\/FAQPage\" class=\"classyschema-faqpage\">\n\t<div itemscope itemprop=\"mainEntity\" itemtype=\"https:\/\/schema.org\/Question\" class=\"classyschema-faqpage-qanda\">\n\t\t<h3 itemprop=\"name\" class=\"classyschema-faqpage-question\">Riva&#8217;da Kad\u0131nlar Plaj\u0131 Var M\u0131?<\/h3>\n\t\t<div itemscope itemprop=\"acceptedAnswer\" itemtype=\"https:\/\/schema.org\/Answer\" class=\"classyschema-faqpage-answer\">\n\t\t\t<div itemprop=\"text\">\n<p>\u0130stanbul&#8217;un Beykoz il\u00e7esinde Riva Elmasburnu Kad\u0131nlar Plaj\u0131 bulunmaktad\u0131r. Sal\u0131, \u00c7ar\u015famba, Per\u015fembe ve Cuma g\u00fcnleri sadece kad\u0131nlara hizmet veren plajda deniz ve g\u00fcne\u015fin tad\u0131n\u0131 doyas\u0131ya \u00e7\u0131karabilirsiniz.<\/p>\n\t\t\t<\/div>\n\t\t<\/div>\n\t<\/div>\n\t<div itemscope itemprop=\"mainEntity\" itemtype=\"https:\/\/schema.org\/Question\" class=\"classyschema-faqpage-qanda\">\n\t\t<h3 itemprop=\"name\" class=\"classyschema-faqpage-question\">Riva Kad\u0131nlar Plaj\u0131 Ka\u00e7 TL?<\/h3>\n\t\t<div itemscope itemprop=\"acceptedAnswer\" itemtype=\"https:\/\/schema.org\/Answer\" class=\"classyschema-faqpage-answer\">\n\t\t\t<div itemprop=\"text\">\n<p>Riva Elmasburnu Kad\u0131nlar Plaj\u0131&#8217;na giri\u015f \u00fccreti 2023 y\u0131l\u0131nda 45 TL\u2019den ba\u015flamaktad\u0131r.<\/p>\n\t\t\t<\/div>\n\t\t<\/div>\n\t<\/div>\n\t<div itemscope itemprop=\"mainEntity\" itemtype=\"https:\/\/schema.org\/Question\" class=\"classyschema-faqpage-qanda\">\n\t\t<h3 itemprop=\"name\" class=\"classyschema-faqpage-question\">Riva Elmasburnu Plaj\u0131 Kad\u0131nlar G\u00fcn\u00fc Hangi G\u00fcn?<\/h3>\n\t\t<div itemscope itemprop=\"acceptedAnswer\" itemtype=\"https:\/\/schema.org\/Answer\" class=\"classyschema-faqpage-answer\">\n\t\t\t<div itemprop=\"text\">\n<p>Riva Elmasburnu Kad\u0131nlar Plaj\u0131; Sal\u0131, \u00c7ar\u015famba, Per\u015fembe ve Cuma g\u00fcnleri sadece kad\u0131nlara hizmet vermektedir. Cumartesi, Pazar ve Pazartesi g\u00fcnleri de plajdan kad\u0131nlar ve erkekler ortak olarak yararlanmaktad\u0131r.<\/p>\n\t\t\t<\/div>\n\t\t<\/div>\n\t<\/div>\n<\/div>\n","protected":false},"excerpt":{"rendered":"<p>Riva Elmasburnu Kad\u0131nlar Plaj\u0131 \u00f6zellikle yaz sezonunda bayanlar\u0131n b\u00fcy\u00fck ilgisini \u00e7ekmektedir. Elmasburnu Tabiat Park\u0131 i\u00e7erisinde yer alan bu plaj, deniz ile kumsal keyfinin yan\u0131nda orman i\u00e7erisindeki piknik alanlar\u0131yla da tercih sebeplerindendir. \u0130stanbul\u2019un en g\u00fczel koylar\u0131 aras\u0131nda g\u00f6sterilen Elmasburnu Koyu, kad\u0131nlara \u00f6zel plaj\u0131nda; 29 adet \u00f6zel locas\u0131, deniz manzaras\u0131 olan restoran\u0131, piknik alanlar\u0131 ve elektrikli yolcu [&hellip;]<\/p>\n","protected":false},"author":1,"featured_media":1329,"comment_status":"open","ping_status":"open","sticky":false,"template":"","format":"standard","meta":{"content-type":"","_joinchat":[],"footnotes":""},"categories":[7],"tags":[],"class_list":{"0":"post-1327","1":"post","2":"type-post","3":"status-publish","4":"format-standard","5":"has-post-thumbnail","7":"category-gezilecek-yerler"},"yoast_head":"<!-- This site is optimized with the Yoast SEO plugin v27.3 - https:\/\/yoast.com\/product\/yoast-seo-wordpress\/ -->\n<title>Riva Elmasburnu Kad\u0131nlar Plaj\u0131 Nerede, Nas\u0131l Gidilir? - Kemer Otelleri<\/title>\n<meta name=\"description\" content=\"Riva Elmasburnu Kad\u0131nlar Plaj\u0131, yaz aylar\u0131nda \u0130stanbul&#039;un tam g\u00f6be\u011finde deniz ve g\u00fcne\u015fin tad\u0131n\u0131 doyas\u0131ya \u00e7\u0131karmak isteyenler i\u00e7in idealdir.\" \/>\n<meta name=\"robots\" content=\"index, follow, max-snippet:-1, max-image-preview:large, max-video-preview:-1\" \/>\n<link rel=\"canonical\" href=\"https:\/\/kemer.grandhotelderin.com\/index.php\/2024\/03\/06\/riva-elmasburnu-kadinlar-plaji\/\" \/>\n<meta property=\"og:locale\" content=\"tr_TR\" \/>\n<meta property=\"og:type\" content=\"article\" \/>\n<meta property=\"og:title\" content=\"Riva Elmasburnu Kad\u0131nlar Plaj\u0131 Nerede, Nas\u0131l Gidilir? - Kemer Otelleri\" \/>\n<meta property=\"og:description\" content=\"Riva Elmasburnu Kad\u0131nlar Plaj\u0131, yaz aylar\u0131nda \u0130stanbul&#039;un tam g\u00f6be\u011finde deniz ve g\u00fcne\u015fin tad\u0131n\u0131 doyas\u0131ya \u00e7\u0131karmak isteyenler i\u00e7in idealdir.\" \/>\n<meta property=\"og:url\" content=\"https:\/\/kemer.grandhotelderin.com\/index.php\/2024\/03\/06\/riva-elmasburnu-kadinlar-plaji\/\" \/>\n<meta property=\"og:site_name\" content=\"Kemer Otelleri\" \/>\n<meta property=\"article:published_time\" content=\"2024-03-06T15:46:55+00:00\" \/>\n<meta name=\"author\" content=\"admin\" \/>\n<meta name=\"twitter:card\" content=\"summary_large_image\" \/>\n<meta name=\"twitter:label1\" content=\"Yazan:\" \/>\n\t<meta name=\"twitter:data1\" content=\"admin\" \/>\n\t<meta name=\"twitter:label2\" content=\"Tahmini okuma s\u00fcresi\" \/>\n\t<meta name=\"twitter:data2\" content=\"4 dakika\" \/>\n<script type=\"application\/ld+json\" class=\"yoast-schema-graph\">{\"@context\":\"https:\\\/\\\/schema.org\",\"@graph\":[{\"@type\":\"Article\",\"@id\":\"https:\\\/\\\/kemer.grandhotelderin.com\\\/index.php\\\/2024\\\/03\\\/06\\\/riva-elmasburnu-kadinlar-plaji\\\/#article\",\"isPartOf\":{\"@id\":\"https:\\\/\\\/kemer.grandhotelderin.com\\\/index.php\\\/2024\\\/03\\\/06\\\/riva-elmasburnu-kadinlar-plaji\\\/\"},\"author\":{\"name\":\"admin\",\"@id\":\"https:\\\/\\\/kemer.grandhotelderin.com\\\/#\\\/schema\\\/person\\\/d3fd8124c80c636225a272365fa4017d\"},\"headline\":\"Riva Elmasburnu Kad\u0131nlar Plaj\u0131 Nerede, Nas\u0131l Gidilir?\",\"datePublished\":\"2024-03-06T15:46:55+00:00\",\"mainEntityOfPage\":{\"@id\":\"https:\\\/\\\/kemer.grandhotelderin.com\\\/index.php\\\/2024\\\/03\\\/06\\\/riva-elmasburnu-kadinlar-plaji\\\/\"},\"wordCount\":612,\"commentCount\":0,\"image\":{\"@id\":\"https:\\\/\\\/kemer.grandhotelderin.com\\\/index.php\\\/2024\\\/03\\\/06\\\/riva-elmasburnu-kadinlar-plaji\\\/#primaryimage\"},\"thumbnailUrl\":\"\",\"articleSection\":[\"Gezilecek Yerler\"],\"inLanguage\":\"tr\",\"potentialAction\":[{\"@type\":\"CommentAction\",\"name\":\"Comment\",\"target\":[\"https:\\\/\\\/kemer.grandhotelderin.com\\\/index.php\\\/2024\\\/03\\\/06\\\/riva-elmasburnu-kadinlar-plaji\\\/#respond\"]}]},{\"@type\":\"WebPage\",\"@id\":\"https:\\\/\\\/kemer.grandhotelderin.com\\\/index.php\\\/2024\\\/03\\\/06\\\/riva-elmasburnu-kadinlar-plaji\\\/\",\"url\":\"https:\\\/\\\/kemer.grandhotelderin.com\\\/index.php\\\/2024\\\/03\\\/06\\\/riva-elmasburnu-kadinlar-plaji\\\/\",\"name\":\"Riva Elmasburnu Kad\u0131nlar Plaj\u0131 Nerede, Nas\u0131l Gidilir? - Kemer Otelleri\",\"isPartOf\":{\"@id\":\"https:\\\/\\\/kemer.grandhotelderin.com\\\/#website\"},\"primaryImageOfPage\":{\"@id\":\"https:\\\/\\\/kemer.grandhotelderin.com\\\/index.php\\\/2024\\\/03\\\/06\\\/riva-elmasburnu-kadinlar-plaji\\\/#primaryimage\"},\"image\":{\"@id\":\"https:\\\/\\\/kemer.grandhotelderin.com\\\/index.php\\\/2024\\\/03\\\/06\\\/riva-elmasburnu-kadinlar-plaji\\\/#primaryimage\"},\"thumbnailUrl\":\"\",\"datePublished\":\"2024-03-06T15:46:55+00:00\",\"author\":{\"@id\":\"https:\\\/\\\/kemer.grandhotelderin.com\\\/#\\\/schema\\\/person\\\/d3fd8124c80c636225a272365fa4017d\"},\"description\":\"Riva Elmasburnu Kad\u0131nlar Plaj\u0131, yaz aylar\u0131nda \u0130stanbul'un tam g\u00f6be\u011finde deniz ve g\u00fcne\u015fin tad\u0131n\u0131 doyas\u0131ya \u00e7\u0131karmak isteyenler i\u00e7in idealdir.\",\"breadcrumb\":{\"@id\":\"https:\\\/\\\/kemer.grandhotelderin.com\\\/index.php\\\/2024\\\/03\\\/06\\\/riva-elmasburnu-kadinlar-plaji\\\/#breadcrumb\"},\"inLanguage\":\"tr\",\"potentialAction\":[{\"@type\":\"ReadAction\",\"target\":[\"https:\\\/\\\/kemer.grandhotelderin.com\\\/index.php\\\/2024\\\/03\\\/06\\\/riva-elmasburnu-kadinlar-plaji\\\/\"]}]},{\"@type\":\"ImageObject\",\"inLanguage\":\"tr\",\"@id\":\"https:\\\/\\\/kemer.grandhotelderin.com\\\/index.php\\\/2024\\\/03\\\/06\\\/riva-elmasburnu-kadinlar-plaji\\\/#primaryimage\",\"url\":\"\",\"contentUrl\":\"\"},{\"@type\":\"BreadcrumbList\",\"@id\":\"https:\\\/\\\/kemer.grandhotelderin.com\\\/index.php\\\/2024\\\/03\\\/06\\\/riva-elmasburnu-kadinlar-plaji\\\/#breadcrumb\",\"itemListElement\":[{\"@type\":\"ListItem\",\"position\":1,\"name\":\"Anasayfa\",\"item\":\"https:\\\/\\\/kemer.grandhotelderin.com\\\/\"},{\"@type\":\"ListItem\",\"position\":2,\"name\":\"Riva Elmasburnu Kad\u0131nlar Plaj\u0131 Nerede, Nas\u0131l Gidilir?\"}]},{\"@type\":\"WebSite\",\"@id\":\"https:\\\/\\\/kemer.grandhotelderin.com\\\/#website\",\"url\":\"https:\\\/\\\/kemer.grandhotelderin.com\\\/\",\"name\":\"Kemer Otelleri\",\"description\":\"\",\"potentialAction\":[{\"@type\":\"SearchAction\",\"target\":{\"@type\":\"EntryPoint\",\"urlTemplate\":\"https:\\\/\\\/kemer.grandhotelderin.com\\\/?s={search_term_string}\"},\"query-input\":{\"@type\":\"PropertyValueSpecification\",\"valueRequired\":true,\"valueName\":\"search_term_string\"}}],\"inLanguage\":\"tr\"},{\"@type\":\"Person\",\"@id\":\"https:\\\/\\\/kemer.grandhotelderin.com\\\/#\\\/schema\\\/person\\\/d3fd8124c80c636225a272365fa4017d\",\"name\":\"admin\",\"image\":{\"@type\":\"ImageObject\",\"inLanguage\":\"tr\",\"@id\":\"https:\\\/\\\/secure.gravatar.com\\\/avatar\\\/69262a7634a31669ecd9a90e6a8d129de88541c89aeba11b012fcb5326fba0f4?s=96&d=mm&r=g\",\"url\":\"https:\\\/\\\/secure.gravatar.com\\\/avatar\\\/69262a7634a31669ecd9a90e6a8d129de88541c89aeba11b012fcb5326fba0f4?s=96&d=mm&r=g\",\"contentUrl\":\"https:\\\/\\\/secure.gravatar.com\\\/avatar\\\/69262a7634a31669ecd9a90e6a8d129de88541c89aeba11b012fcb5326fba0f4?s=96&d=mm&r=g\",\"caption\":\"admin\"},\"sameAs\":[\"http:\\\/\\\/kemer.grandhotelderin.com\"],\"url\":\"http:\\\/\\\/kemer.grandhotelderin.com\\\/index.php\\\/author\\\/admin\\\/\"}]}<\/script>\n<!-- \/ Yoast SEO plugin. -->","yoast_head_json":{"title":"Riva Elmasburnu Kad\u0131nlar Plaj\u0131 Nerede, Nas\u0131l Gidilir? - Kemer Otelleri","description":"Riva Elmasburnu Kad\u0131nlar Plaj\u0131, yaz aylar\u0131nda \u0130stanbul'un tam g\u00f6be\u011finde deniz ve g\u00fcne\u015fin tad\u0131n\u0131 doyas\u0131ya \u00e7\u0131karmak isteyenler i\u00e7in idealdir.","robots":{"index":"index","follow":"follow","max-snippet":"max-snippet:-1","max-image-preview":"max-image-preview:large","max-video-preview":"max-video-preview:-1"},"canonical":"https:\/\/kemer.grandhotelderin.com\/index.php\/2024\/03\/06\/riva-elmasburnu-kadinlar-plaji\/","og_locale":"tr_TR","og_type":"article","og_title":"Riva Elmasburnu Kad\u0131nlar Plaj\u0131 Nerede, Nas\u0131l Gidilir? - Kemer Otelleri","og_description":"Riva Elmasburnu Kad\u0131nlar Plaj\u0131, yaz aylar\u0131nda \u0130stanbul'un tam g\u00f6be\u011finde deniz ve g\u00fcne\u015fin tad\u0131n\u0131 doyas\u0131ya \u00e7\u0131karmak isteyenler i\u00e7in idealdir.","og_url":"https:\/\/kemer.grandhotelderin.com\/index.php\/2024\/03\/06\/riva-elmasburnu-kadinlar-plaji\/","og_site_name":"Kemer Otelleri","article_published_time":"2024-03-06T15:46:55+00:00","author":"admin","twitter_card":"summary_large_image","twitter_misc":{"Yazan:":"admin","Tahmini okuma s\u00fcresi":"4 dakika"},"schema":{"@context":"https:\/\/schema.org","@graph":[{"@type":"Article","@id":"https:\/\/kemer.grandhotelderin.com\/index.php\/2024\/03\/06\/riva-elmasburnu-kadinlar-plaji\/#article","isPartOf":{"@id":"https:\/\/kemer.grandhotelderin.com\/index.php\/2024\/03\/06\/riva-elmasburnu-kadinlar-plaji\/"},"author":{"name":"admin","@id":"https:\/\/kemer.grandhotelderin.com\/#\/schema\/person\/d3fd8124c80c636225a272365fa4017d"},"headline":"Riva Elmasburnu Kad\u0131nlar Plaj\u0131 Nerede, Nas\u0131l Gidilir?","datePublished":"2024-03-06T15:46:55+00:00","mainEntityOfPage":{"@id":"https:\/\/kemer.grandhotelderin.com\/index.php\/2024\/03\/06\/riva-elmasburnu-kadinlar-plaji\/"},"wordCount":612,"commentCount":0,"image":{"@id":"https:\/\/kemer.grandhotelderin.com\/index.php\/2024\/03\/06\/riva-elmasburnu-kadinlar-plaji\/#primaryimage"},"thumbnailUrl":"","articleSection":["Gezilecek Yerler"],"inLanguage":"tr","potentialAction":[{"@type":"CommentAction","name":"Comment","target":["https:\/\/kemer.grandhotelderin.com\/index.php\/2024\/03\/06\/riva-elmasburnu-kadinlar-plaji\/#respond"]}]},{"@type":"WebPage","@id":"https:\/\/kemer.grandhotelderin.com\/index.php\/2024\/03\/06\/riva-elmasburnu-kadinlar-plaji\/","url":"https:\/\/kemer.grandhotelderin.com\/index.php\/2024\/03\/06\/riva-elmasburnu-kadinlar-plaji\/","name":"Riva Elmasburnu Kad\u0131nlar Plaj\u0131 Nerede, Nas\u0131l Gidilir? - Kemer Otelleri","isPartOf":{"@id":"https:\/\/kemer.grandhotelderin.com\/#website"},"primaryImageOfPage":{"@id":"https:\/\/kemer.grandhotelderin.com\/index.php\/2024\/03\/06\/riva-elmasburnu-kadinlar-plaji\/#primaryimage"},"image":{"@id":"https:\/\/kemer.grandhotelderin.com\/index.php\/2024\/03\/06\/riva-elmasburnu-kadinlar-plaji\/#primaryimage"},"thumbnailUrl":"","datePublished":"2024-03-06T15:46:55+00:00","author":{"@id":"https:\/\/kemer.grandhotelderin.com\/#\/schema\/person\/d3fd8124c80c636225a272365fa4017d"},"description":"Riva Elmasburnu Kad\u0131nlar Plaj\u0131, yaz aylar\u0131nda \u0130stanbul'un tam g\u00f6be\u011finde deniz ve g\u00fcne\u015fin tad\u0131n\u0131 doyas\u0131ya \u00e7\u0131karmak isteyenler i\u00e7in idealdir.","breadcrumb":{"@id":"https:\/\/kemer.grandhotelderin.com\/index.php\/2024\/03\/06\/riva-elmasburnu-kadinlar-plaji\/#breadcrumb"},"inLanguage":"tr","potentialAction":[{"@type":"ReadAction","target":["https:\/\/kemer.grandhotelderin.com\/index.php\/2024\/03\/06\/riva-elmasburnu-kadinlar-plaji\/"]}]},{"@type":"ImageObject","inLanguage":"tr","@id":"https:\/\/kemer.grandhotelderin.com\/index.php\/2024\/03\/06\/riva-elmasburnu-kadinlar-plaji\/#primaryimage","url":"","contentUrl":""},{"@type":"BreadcrumbList","@id":"https:\/\/kemer.grandhotelderin.com\/index.php\/2024\/03\/06\/riva-elmasburnu-kadinlar-plaji\/#breadcrumb","itemListElement":[{"@type":"ListItem","position":1,"name":"Anasayfa","item":"https:\/\/kemer.grandhotelderin.com\/"},{"@type":"ListItem","position":2,"name":"Riva Elmasburnu Kad\u0131nlar Plaj\u0131 Nerede, Nas\u0131l Gidilir?"}]},{"@type":"WebSite","@id":"https:\/\/kemer.grandhotelderin.com\/#website","url":"https:\/\/kemer.grandhotelderin.com\/","name":"Kemer Otelleri","description":"","potentialAction":[{"@type":"SearchAction","target":{"@type":"EntryPoint","urlTemplate":"https:\/\/kemer.grandhotelderin.com\/?s={search_term_string}"},"query-input":{"@type":"PropertyValueSpecification","valueRequired":true,"valueName":"search_term_string"}}],"inLanguage":"tr"},{"@type":"Person","@id":"https:\/\/kemer.grandhotelderin.com\/#\/schema\/person\/d3fd8124c80c636225a272365fa4017d","name":"admin","image":{"@type":"ImageObject","inLanguage":"tr","@id":"https:\/\/secure.gravatar.com\/avatar\/69262a7634a31669ecd9a90e6a8d129de88541c89aeba11b012fcb5326fba0f4?s=96&d=mm&r=g","url":"https:\/\/secure.gravatar.com\/avatar\/69262a7634a31669ecd9a90e6a8d129de88541c89aeba11b012fcb5326fba0f4?s=96&d=mm&r=g","contentUrl":"https:\/\/secure.gravatar.com\/avatar\/69262a7634a31669ecd9a90e6a8d129de88541c89aeba11b012fcb5326fba0f4?s=96&d=mm&r=g","caption":"admin"},"sameAs":["http:\/\/kemer.grandhotelderin.com"],"url":"http:\/\/kemer.grandhotelderin.com\/index.php\/author\/admin\/"}]}},"jetpack_featured_media_url":"","_links":{"self":[{"href":"http:\/\/kemer.grandhotelderin.com\/index.php\/wp-json\/wp\/v2\/posts\/1327","targetHints":{"allow":["GET"]}}],"collection":[{"href":"http:\/\/kemer.grandhotelderin.com\/index.php\/wp-json\/wp\/v2\/posts"}],"about":[{"href":"http:\/\/kemer.grandhotelderin.com\/index.php\/wp-json\/wp\/v2\/types\/post"}],"author":[{"embeddable":true,"href":"http:\/\/kemer.grandhotelderin.com\/index.php\/wp-json\/wp\/v2\/users\/1"}],"replies":[{"embeddable":true,"href":"http:\/\/kemer.grandhotelderin.com\/index.php\/wp-json\/wp\/v2\/comments?post=1327"}],"version-history":[{"count":0,"href":"http:\/\/kemer.grandhotelderin.com\/index.php\/wp-json\/wp\/v2\/posts\/1327\/revisions"}],"wp:featuredmedia":[{"embeddable":true,"href":"http:\/\/kemer.grandhotelderin.com\/index.php\/wp-json\/"}],"wp:attachment":[{"href":"http:\/\/kemer.grandhotelderin.com\/index.php\/wp-json\/wp\/v2\/media?parent=1327"}],"wp:term":[{"taxonomy":"category","embeddable":true,"href":"http:\/\/kemer.grandhotelderin.com\/index.php\/wp-json\/wp\/v2\/categories?post=1327"},{"taxonomy":"post_tag","embeddable":true,"href":"http:\/\/kemer.grandhotelderin.com\/index.php\/wp-json\/wp\/v2\/tags?post=1327"}],"curies":[{"name":"wp","href":"https:\/\/api.w.org\/{rel}","templated":true}]}}