{"id":1337,"date":"2023-07-14T16:22:55","date_gmt":"2023-07-14T13:22:55","guid":{"rendered":"https:\/\/kemer.grandhotelderin.com\/?p=1337"},"modified":"2023-07-14T16:22:55","modified_gmt":"2023-07-14T13:22:55","slug":"evrenseki-halk-plaji","status":"publish","type":"post","link":"http:\/\/kemer.grandhotelderin.com\/index.php\/2023\/07\/14\/evrenseki-halk-plaji\/","title":{"rendered":"Evrenseki Halk Plaj\u0131 Nerede, Nas\u0131l Gidilir?"},"content":{"rendered":"\n\n<div class=\"kk-star-ratings kksr-auto kksr-align-left kksr-valign-top\"\n    data-payload='{&quot;align&quot;:&quot;left&quot;,&quot;id&quot;:&quot;1337&quot;,&quot;slug&quot;:&quot;default&quot;,&quot;valign&quot;:&quot;top&quot;,&quot;ignore&quot;:&quot;&quot;,&quot;reference&quot;:&quot;auto&quot;,&quot;class&quot;:&quot;&quot;,&quot;count&quot;:&quot;0&quot;,&quot;legendonly&quot;:&quot;&quot;,&quot;readonly&quot;:&quot;&quot;,&quot;score&quot;:&quot;0&quot;,&quot;starsonly&quot;:&quot;&quot;,&quot;best&quot;:&quot;5&quot;,&quot;gap&quot;:&quot;5&quot;,&quot;greet&quot;:&quot;Rate this post&quot;,&quot;legend&quot;:&quot;0\\\/5 - (0 votes)&quot;,&quot;size&quot;:&quot;24&quot;,&quot;title&quot;:&quot;Evrenseki Halk Plaj\u0131 Nerede, Nas\u0131l Gidilir?&quot;,&quot;width&quot;:&quot;0&quot;,&quot;_legend&quot;:&quot;{score}\\\/{best} - ({count} {votes})&quot;,&quot;font_factor&quot;:&quot;1.25&quot;}'>\n            \n<div class=\"kksr-stars\">\n    \n<div class=\"kksr-stars-inactive\">\n            <div class=\"kksr-star\" data-star=\"1\" style=\"padding-right: 5px\">\n            \n\n<div class=\"kksr-icon\" style=\"width: 24px; height: 24px;\"><\/div>\n        <\/div>\n            <div class=\"kksr-star\" data-star=\"2\" style=\"padding-right: 5px\">\n            \n\n<div class=\"kksr-icon\" style=\"width: 24px; height: 24px;\"><\/div>\n        <\/div>\n            <div class=\"kksr-star\" data-star=\"3\" style=\"padding-right: 5px\">\n            \n\n<div class=\"kksr-icon\" style=\"width: 24px; height: 24px;\"><\/div>\n        <\/div>\n            <div class=\"kksr-star\" data-star=\"4\" style=\"padding-right: 5px\">\n            \n\n<div class=\"kksr-icon\" style=\"width: 24px; height: 24px;\"><\/div>\n        <\/div>\n            <div class=\"kksr-star\" data-star=\"5\" style=\"padding-right: 5px\">\n            \n\n<div class=\"kksr-icon\" style=\"width: 24px; height: 24px;\"><\/div>\n        <\/div>\n    <\/div>\n    \n<div class=\"kksr-stars-active\" style=\"width: 0px;\">\n            <div class=\"kksr-star\" style=\"padding-right: 5px\">\n            \n\n<div class=\"kksr-icon\" style=\"width: 24px; height: 24px;\"><\/div>\n        <\/div>\n            <div class=\"kksr-star\" style=\"padding-right: 5px\">\n            \n\n<div class=\"kksr-icon\" style=\"width: 24px; height: 24px;\"><\/div>\n        <\/div>\n            <div class=\"kksr-star\" style=\"padding-right: 5px\">\n            \n\n<div class=\"kksr-icon\" style=\"width: 24px; height: 24px;\"><\/div>\n        <\/div>\n            <div class=\"kksr-star\" style=\"padding-right: 5px\">\n            \n\n<div class=\"kksr-icon\" style=\"width: 24px; height: 24px;\"><\/div>\n        <\/div>\n            <div class=\"kksr-star\" style=\"padding-right: 5px\">\n            \n\n<div class=\"kksr-icon\" style=\"width: 24px; height: 24px;\"><\/div>\n        <\/div>\n    <\/div>\n<\/div>\n                \n\n<div class=\"kksr-legend\" style=\"font-size: 19.2px;\">\n            <span class=\"kksr-muted\">Rate this post<\/span>\n    <\/div>\n    <\/div>\n\n<p>Evrenseki Halk Plaj\u0131 b\u00f6lgeye gelen turistler taraf\u0131ndan tercih sebebi olup <strong>mavi bayrakl\u0131 plaj<\/strong>lar aras\u0131ndad\u0131r. Kafeler ba\u015fta olmak \u00fczere soyunma odalar\u0131, du\u015flar\u0131, plaj voleybolu ve futbolu olan alanlar\u0131yla bir tatilden beklenen her \u015fey bu sahilde vatanda\u015flara \u00fccretsiz sunulmaktad\u0131r.<\/p>\n\n\n\n<p>B\u00f6lgede en temiz sahil olma \u00f6zelli\u011fini b\u00fcnyesinde bar\u0131nd\u0131ran <strong>Evrenseki Halk Plaj\u0131<\/strong>\u2019n\u0131n bir taraf\u0131 a\u011fa\u00e7larla di\u011fer taraf\u0131 da masmavi denizle \u00e7evrilidir. 150 metre uzunlu\u011funda ve 50 metre eninde olan plaj, bembeyaz ince kumlarla kapl\u0131 ve denizi de olduk\u00e7a s\u0131\u011fd\u0131r.<\/p>\n\n\n<div class=\"wp-block-image\">\n<figure class=\"aligncenter size-large\"><img decoding=\"async\" src=\"https:\/\/kemer.grandhotelderin.com\/wp-content\/uploads\/2023\/07\/evrenseki-halk-plaji-nerede-1024x683.jpg\" alt=\"Evrenseki Halk Plaj\u0131\" class=\"wp-image-1341\"\/><\/figure>\n<\/div>\n\n\n<p>\u00c7ocuklu aileler ve y\u00fczmeyi yeni \u00f6\u011frenenler i\u00e7in ideal bir ortam olan Evrenseki Halk Plaj\u0131\u2019na <strong>giri\u015fler tamamen \u00fccretsiz<\/strong>dir. Plaj\u0131n hemen giri\u015f k\u0131sm\u0131nda ye\u015fil bir alan misafirleri kar\u015f\u0131larken sahildeki uzunlamas\u0131na \u00e7at\u0131 gibi yap\u0131lan \u015femsiyeler sizleri tamamen g\u00fcne\u015ften korumak i\u00e7indir.<\/p>\n\n\n\n<p>Plajdaki spor sahalar\u0131 kimi zaman ulusal ve uluslararas\u0131 baz\u0131 turnuvalara ev sahipli\u011fi yapmaktad\u0131r. Plajda <strong>su ve meyve suyu gibi i\u00e7ecekler \u00fccretsiz<\/strong> olarak da\u011f\u0131t\u0131l\u0131rken; kafeteryalarda ise hamburger, tost, patates k\u0131zartmas\u0131 ve k\u00f6fte gibi yiyecekler de uygun fiyatlara sat\u0131lmaktad\u0131r.<\/p>\n\n\n\n<h2 class=\"wp-block-heading\">Evrenseki Halk Plaj\u0131 Nerededir?<\/h2>\n\n\n\n<p>Evrenseki Halk Plaj\u0131, Antalya ilinin <strong>Manavgat<\/strong> il\u00e7esi s\u0131n\u0131rlar\u0131 i\u00e7erisindedir. <strong>Manavgat Belediyesi<\/strong> taraf\u0131ndan d\u00fczenlemesi ve bak\u0131mlar\u0131 yap\u0131lan plaj, yerli ve yabanc\u0131 turistlerin ak\u0131n\u0131na u\u011framaktad\u0131r. 2010 senesinde mavi bayrak alan plajda, fiyatlarda olduk\u00e7a makul seviyelerdedir.<\/p>\n\n\n<div class=\"wp-block-image\">\n<figure class=\"aligncenter size-large\"><img decoding=\"async\" src=\"https:\/\/kemer.grandhotelderin.com\/wp-content\/uploads\/2023\/07\/evrenseki-halk-plaji-nasil-gidilir-1024x683.jpg\" alt=\"Evrenseki Halk Plaj\u0131\" class=\"wp-image-1340\"\/><\/figure>\n<\/div>\n\n\n<h2 class=\"wp-block-heading\">Evrenseki Halk Plaj\u0131&#8217;na Nas\u0131l Gidilir?<\/h2>\n\n\n\n<p>Manavgat\u2019ta bulunan Evrenseki Halk Plaj\u0131, <strong>Kumk\u00f6y Plaj\u0131<\/strong>\u2019na olduk\u00e7a yak\u0131n bir konumdad\u0131r. Ula\u015f\u0131m\u0131n rahat oldu\u011fu plaja Manavgat\u2019tan dolmu\u015flar kalkmaktad\u0131r.<\/p>\n\n\n\n<div itemscope itemtype=\"https:\/\/schema.org\/FAQPage\" class=\"classyschema-faqpage\">\n\t<div itemscope itemprop=\"mainEntity\" itemtype=\"https:\/\/schema.org\/Question\" class=\"classyschema-faqpage-qanda\">\n\t\t<h3 itemprop=\"name\" class=\"classyschema-faqpage-question\">Antalya Evrenseki Denizi Nas\u0131ld\u0131r?<\/h3>\n\t\t<div itemscope itemprop=\"acceptedAnswer\" itemtype=\"https:\/\/schema.org\/Answer\" class=\"classyschema-faqpage-answer\">\n\t\t\t<div itemprop=\"text\">\n<p>Evrenseki Halk Plaj\u0131 turistlerin yo\u011fun ilgi g\u00f6sterdi\u011fi plajlar aras\u0131ndad\u0131r. Bir belediye plaj\u0131na g\u00f6re olduk\u00e7a iyi bir hizmet veren bu yerde deniz biraz dalgal\u0131 olmas\u0131na kar\u015f\u0131n sahili kumsald\u0131r.<\/p>\n\t\t\t<\/div>\n\t\t<\/div>\n\t<\/div>\n\t<div itemscope itemprop=\"mainEntity\" itemtype=\"https:\/\/schema.org\/Question\" class=\"classyschema-faqpage-qanda\">\n\t\t<h3 itemprop=\"name\" class=\"classyschema-faqpage-question\">Side Evrenseki Denizi Nas\u0131ld\u0131r?<\/h3>\n\t\t<div itemscope itemprop=\"acceptedAnswer\" itemtype=\"https:\/\/schema.org\/Answer\" class=\"classyschema-faqpage-answer\">\n\t\t\t<div itemprop=\"text\">\n<p>Evrenseki Halk Plaj\u0131, Antalya\u2019da mavi bayrakl\u0131 plajlar aras\u0131ndad\u0131r. 320 metre uzunlu\u011funda ve 50 metre geni\u015fli\u011findeki plaj\u0131n sahili ince kumlarla kapl\u0131d\u0131r. Burada sahilin bir ba\u015fka \u00f6zelli\u011fi ise \u015fezlonglar aras\u0131ndaki mesafedir.<\/p>\n\t\t\t<\/div>\n\t\t<\/div>\n\t<\/div>\n<\/div>\n","protected":false},"excerpt":{"rendered":"<p>Evrenseki Halk Plaj\u0131 b\u00f6lgeye gelen turistler taraf\u0131ndan tercih sebebi olup mavi bayrakl\u0131 plajlar aras\u0131ndad\u0131r. Kafeler ba\u015fta olmak \u00fczere soyunma odalar\u0131, du\u015flar\u0131, plaj voleybolu ve futbolu olan alanlar\u0131yla bir tatilden beklenen her \u015fey bu sahilde vatanda\u015flara \u00fccretsiz sunulmaktad\u0131r. B\u00f6lgede en temiz sahil olma \u00f6zelli\u011fini b\u00fcnyesinde bar\u0131nd\u0131ran Evrenseki Halk Plaj\u0131\u2019n\u0131n bir taraf\u0131 a\u011fa\u00e7larla di\u011fer taraf\u0131 da masmavi [&hellip;]<\/p>\n","protected":false},"author":1,"featured_media":1339,"comment_status":"open","ping_status":"open","sticky":false,"template":"","format":"standard","meta":{"content-type":"","_joinchat":[],"footnotes":""},"categories":[7],"tags":[],"class_list":{"0":"post-1337","1":"post","2":"type-post","3":"status-publish","4":"format-standard","5":"has-post-thumbnail","7":"category-gezilecek-yerler"},"yoast_head":"<!-- This site is optimized with the Yoast SEO plugin v27.3 - https:\/\/yoast.com\/product\/yoast-seo-wordpress\/ -->\n<title>Evrenseki Halk Plaj\u0131 Nerede, Nas\u0131l Gidilir? - Kemer Otelleri<\/title>\n<meta name=\"description\" content=\"Evrenseki Halk Plaj\u0131, Antalya&#039;da mavi bayrakl\u0131 plajlar aras\u0131nda yer al\u0131p masmavi denizi ve incecik kumlar\u0131yla me\u015fhurdur.\" \/>\n<meta name=\"robots\" content=\"index, follow, max-snippet:-1, max-image-preview:large, max-video-preview:-1\" \/>\n<link rel=\"canonical\" href=\"http:\/\/kemer.grandhotelderin.com\/index.php\/2023\/07\/14\/evrenseki-halk-plaji\/\" \/>\n<meta property=\"og:locale\" content=\"tr_TR\" \/>\n<meta property=\"og:type\" content=\"article\" \/>\n<meta property=\"og:title\" content=\"Evrenseki Halk Plaj\u0131 Nerede, Nas\u0131l Gidilir? - Kemer Otelleri\" \/>\n<meta property=\"og:description\" content=\"Evrenseki Halk Plaj\u0131, Antalya&#039;da mavi bayrakl\u0131 plajlar aras\u0131nda yer al\u0131p masmavi denizi ve incecik kumlar\u0131yla me\u015fhurdur.\" \/>\n<meta property=\"og:url\" content=\"http:\/\/kemer.grandhotelderin.com\/index.php\/2023\/07\/14\/evrenseki-halk-plaji\/\" \/>\n<meta property=\"og:site_name\" content=\"Kemer Otelleri\" \/>\n<meta property=\"article:published_time\" content=\"2023-07-14T13:22:55+00:00\" \/>\n<meta name=\"author\" content=\"admin\" \/>\n<meta name=\"twitter:card\" content=\"summary_large_image\" \/>\n<meta name=\"twitter:label1\" content=\"Yazan:\" \/>\n\t<meta name=\"twitter:data1\" content=\"admin\" \/>\n\t<meta name=\"twitter:label2\" content=\"Tahmini okuma s\u00fcresi\" \/>\n\t<meta name=\"twitter:data2\" content=\"3 dakika\" \/>\n<script type=\"application\/ld+json\" class=\"yoast-schema-graph\">{\"@context\":\"https:\\\/\\\/schema.org\",\"@graph\":[{\"@type\":\"Article\",\"@id\":\"http:\\\/\\\/kemer.grandhotelderin.com\\\/index.php\\\/2023\\\/07\\\/14\\\/evrenseki-halk-plaji\\\/#article\",\"isPartOf\":{\"@id\":\"http:\\\/\\\/kemer.grandhotelderin.com\\\/index.php\\\/2023\\\/07\\\/14\\\/evrenseki-halk-plaji\\\/\"},\"author\":{\"name\":\"admin\",\"@id\":\"https:\\\/\\\/kemer.grandhotelderin.com\\\/#\\\/schema\\\/person\\\/d3fd8124c80c636225a272365fa4017d\"},\"headline\":\"Evrenseki Halk Plaj\u0131 Nerede, Nas\u0131l Gidilir?\",\"datePublished\":\"2023-07-14T13:22:55+00:00\",\"mainEntityOfPage\":{\"@id\":\"http:\\\/\\\/kemer.grandhotelderin.com\\\/index.php\\\/2023\\\/07\\\/14\\\/evrenseki-halk-plaji\\\/\"},\"wordCount\":376,\"commentCount\":0,\"image\":{\"@id\":\"http:\\\/\\\/kemer.grandhotelderin.com\\\/index.php\\\/2023\\\/07\\\/14\\\/evrenseki-halk-plaji\\\/#primaryimage\"},\"thumbnailUrl\":\"\",\"articleSection\":[\"Gezilecek Yerler\"],\"inLanguage\":\"tr\",\"potentialAction\":[{\"@type\":\"CommentAction\",\"name\":\"Comment\",\"target\":[\"http:\\\/\\\/kemer.grandhotelderin.com\\\/index.php\\\/2023\\\/07\\\/14\\\/evrenseki-halk-plaji\\\/#respond\"]}]},{\"@type\":\"WebPage\",\"@id\":\"http:\\\/\\\/kemer.grandhotelderin.com\\\/index.php\\\/2023\\\/07\\\/14\\\/evrenseki-halk-plaji\\\/\",\"url\":\"http:\\\/\\\/kemer.grandhotelderin.com\\\/index.php\\\/2023\\\/07\\\/14\\\/evrenseki-halk-plaji\\\/\",\"name\":\"Evrenseki Halk Plaj\u0131 Nerede, Nas\u0131l Gidilir? - Kemer Otelleri\",\"isPartOf\":{\"@id\":\"https:\\\/\\\/kemer.grandhotelderin.com\\\/#website\"},\"primaryImageOfPage\":{\"@id\":\"http:\\\/\\\/kemer.grandhotelderin.com\\\/index.php\\\/2023\\\/07\\\/14\\\/evrenseki-halk-plaji\\\/#primaryimage\"},\"image\":{\"@id\":\"http:\\\/\\\/kemer.grandhotelderin.com\\\/index.php\\\/2023\\\/07\\\/14\\\/evrenseki-halk-plaji\\\/#primaryimage\"},\"thumbnailUrl\":\"\",\"datePublished\":\"2023-07-14T13:22:55+00:00\",\"author\":{\"@id\":\"https:\\\/\\\/kemer.grandhotelderin.com\\\/#\\\/schema\\\/person\\\/d3fd8124c80c636225a272365fa4017d\"},\"description\":\"Evrenseki Halk Plaj\u0131, Antalya'da mavi bayrakl\u0131 plajlar aras\u0131nda yer al\u0131p masmavi denizi ve incecik kumlar\u0131yla me\u015fhurdur.\",\"breadcrumb\":{\"@id\":\"http:\\\/\\\/kemer.grandhotelderin.com\\\/index.php\\\/2023\\\/07\\\/14\\\/evrenseki-halk-plaji\\\/#breadcrumb\"},\"inLanguage\":\"tr\",\"potentialAction\":[{\"@type\":\"ReadAction\",\"target\":[\"http:\\\/\\\/kemer.grandhotelderin.com\\\/index.php\\\/2023\\\/07\\\/14\\\/evrenseki-halk-plaji\\\/\"]}]},{\"@type\":\"ImageObject\",\"inLanguage\":\"tr\",\"@id\":\"http:\\\/\\\/kemer.grandhotelderin.com\\\/index.php\\\/2023\\\/07\\\/14\\\/evrenseki-halk-plaji\\\/#primaryimage\",\"url\":\"\",\"contentUrl\":\"\"},{\"@type\":\"BreadcrumbList\",\"@id\":\"http:\\\/\\\/kemer.grandhotelderin.com\\\/index.php\\\/2023\\\/07\\\/14\\\/evrenseki-halk-plaji\\\/#breadcrumb\",\"itemListElement\":[{\"@type\":\"ListItem\",\"position\":1,\"name\":\"Anasayfa\",\"item\":\"https:\\\/\\\/kemer.grandhotelderin.com\\\/\"},{\"@type\":\"ListItem\",\"position\":2,\"name\":\"Evrenseki Halk Plaj\u0131 Nerede, Nas\u0131l Gidilir?\"}]},{\"@type\":\"WebSite\",\"@id\":\"https:\\\/\\\/kemer.grandhotelderin.com\\\/#website\",\"url\":\"https:\\\/\\\/kemer.grandhotelderin.com\\\/\",\"name\":\"Kemer Otelleri\",\"description\":\"\",\"potentialAction\":[{\"@type\":\"SearchAction\",\"target\":{\"@type\":\"EntryPoint\",\"urlTemplate\":\"https:\\\/\\\/kemer.grandhotelderin.com\\\/?s={search_term_string}\"},\"query-input\":{\"@type\":\"PropertyValueSpecification\",\"valueRequired\":true,\"valueName\":\"search_term_string\"}}],\"inLanguage\":\"tr\"},{\"@type\":\"Person\",\"@id\":\"https:\\\/\\\/kemer.grandhotelderin.com\\\/#\\\/schema\\\/person\\\/d3fd8124c80c636225a272365fa4017d\",\"name\":\"admin\",\"image\":{\"@type\":\"ImageObject\",\"inLanguage\":\"tr\",\"@id\":\"https:\\\/\\\/secure.gravatar.com\\\/avatar\\\/69262a7634a31669ecd9a90e6a8d129de88541c89aeba11b012fcb5326fba0f4?s=96&d=mm&r=g\",\"url\":\"https:\\\/\\\/secure.gravatar.com\\\/avatar\\\/69262a7634a31669ecd9a90e6a8d129de88541c89aeba11b012fcb5326fba0f4?s=96&d=mm&r=g\",\"contentUrl\":\"https:\\\/\\\/secure.gravatar.com\\\/avatar\\\/69262a7634a31669ecd9a90e6a8d129de88541c89aeba11b012fcb5326fba0f4?s=96&d=mm&r=g\",\"caption\":\"admin\"},\"sameAs\":[\"http:\\\/\\\/kemer.grandhotelderin.com\"],\"url\":\"http:\\\/\\\/kemer.grandhotelderin.com\\\/index.php\\\/author\\\/admin\\\/\"}]}<\/script>\n<!-- \/ Yoast SEO plugin. -->","yoast_head_json":{"title":"Evrenseki Halk Plaj\u0131 Nerede, Nas\u0131l Gidilir? - Kemer Otelleri","description":"Evrenseki Halk Plaj\u0131, Antalya'da mavi bayrakl\u0131 plajlar aras\u0131nda yer al\u0131p masmavi denizi ve incecik kumlar\u0131yla me\u015fhurdur.","robots":{"index":"index","follow":"follow","max-snippet":"max-snippet:-1","max-image-preview":"max-image-preview:large","max-video-preview":"max-video-preview:-1"},"canonical":"http:\/\/kemer.grandhotelderin.com\/index.php\/2023\/07\/14\/evrenseki-halk-plaji\/","og_locale":"tr_TR","og_type":"article","og_title":"Evrenseki Halk Plaj\u0131 Nerede, Nas\u0131l Gidilir? - Kemer Otelleri","og_description":"Evrenseki Halk Plaj\u0131, Antalya'da mavi bayrakl\u0131 plajlar aras\u0131nda yer al\u0131p masmavi denizi ve incecik kumlar\u0131yla me\u015fhurdur.","og_url":"http:\/\/kemer.grandhotelderin.com\/index.php\/2023\/07\/14\/evrenseki-halk-plaji\/","og_site_name":"Kemer Otelleri","article_published_time":"2023-07-14T13:22:55+00:00","author":"admin","twitter_card":"summary_large_image","twitter_misc":{"Yazan:":"admin","Tahmini okuma s\u00fcresi":"3 dakika"},"schema":{"@context":"https:\/\/schema.org","@graph":[{"@type":"Article","@id":"http:\/\/kemer.grandhotelderin.com\/index.php\/2023\/07\/14\/evrenseki-halk-plaji\/#article","isPartOf":{"@id":"http:\/\/kemer.grandhotelderin.com\/index.php\/2023\/07\/14\/evrenseki-halk-plaji\/"},"author":{"name":"admin","@id":"https:\/\/kemer.grandhotelderin.com\/#\/schema\/person\/d3fd8124c80c636225a272365fa4017d"},"headline":"Evrenseki Halk Plaj\u0131 Nerede, Nas\u0131l Gidilir?","datePublished":"2023-07-14T13:22:55+00:00","mainEntityOfPage":{"@id":"http:\/\/kemer.grandhotelderin.com\/index.php\/2023\/07\/14\/evrenseki-halk-plaji\/"},"wordCount":376,"commentCount":0,"image":{"@id":"http:\/\/kemer.grandhotelderin.com\/index.php\/2023\/07\/14\/evrenseki-halk-plaji\/#primaryimage"},"thumbnailUrl":"","articleSection":["Gezilecek Yerler"],"inLanguage":"tr","potentialAction":[{"@type":"CommentAction","name":"Comment","target":["http:\/\/kemer.grandhotelderin.com\/index.php\/2023\/07\/14\/evrenseki-halk-plaji\/#respond"]}]},{"@type":"WebPage","@id":"http:\/\/kemer.grandhotelderin.com\/index.php\/2023\/07\/14\/evrenseki-halk-plaji\/","url":"http:\/\/kemer.grandhotelderin.com\/index.php\/2023\/07\/14\/evrenseki-halk-plaji\/","name":"Evrenseki Halk Plaj\u0131 Nerede, Nas\u0131l Gidilir? - Kemer Otelleri","isPartOf":{"@id":"https:\/\/kemer.grandhotelderin.com\/#website"},"primaryImageOfPage":{"@id":"http:\/\/kemer.grandhotelderin.com\/index.php\/2023\/07\/14\/evrenseki-halk-plaji\/#primaryimage"},"image":{"@id":"http:\/\/kemer.grandhotelderin.com\/index.php\/2023\/07\/14\/evrenseki-halk-plaji\/#primaryimage"},"thumbnailUrl":"","datePublished":"2023-07-14T13:22:55+00:00","author":{"@id":"https:\/\/kemer.grandhotelderin.com\/#\/schema\/person\/d3fd8124c80c636225a272365fa4017d"},"description":"Evrenseki Halk Plaj\u0131, Antalya'da mavi bayrakl\u0131 plajlar aras\u0131nda yer al\u0131p masmavi denizi ve incecik kumlar\u0131yla me\u015fhurdur.","breadcrumb":{"@id":"http:\/\/kemer.grandhotelderin.com\/index.php\/2023\/07\/14\/evrenseki-halk-plaji\/#breadcrumb"},"inLanguage":"tr","potentialAction":[{"@type":"ReadAction","target":["http:\/\/kemer.grandhotelderin.com\/index.php\/2023\/07\/14\/evrenseki-halk-plaji\/"]}]},{"@type":"ImageObject","inLanguage":"tr","@id":"http:\/\/kemer.grandhotelderin.com\/index.php\/2023\/07\/14\/evrenseki-halk-plaji\/#primaryimage","url":"","contentUrl":""},{"@type":"BreadcrumbList","@id":"http:\/\/kemer.grandhotelderin.com\/index.php\/2023\/07\/14\/evrenseki-halk-plaji\/#breadcrumb","itemListElement":[{"@type":"ListItem","position":1,"name":"Anasayfa","item":"https:\/\/kemer.grandhotelderin.com\/"},{"@type":"ListItem","position":2,"name":"Evrenseki Halk Plaj\u0131 Nerede, Nas\u0131l Gidilir?"}]},{"@type":"WebSite","@id":"https:\/\/kemer.grandhotelderin.com\/#website","url":"https:\/\/kemer.grandhotelderin.com\/","name":"Kemer Otelleri","description":"","potentialAction":[{"@type":"SearchAction","target":{"@type":"EntryPoint","urlTemplate":"https:\/\/kemer.grandhotelderin.com\/?s={search_term_string}"},"query-input":{"@type":"PropertyValueSpecification","valueRequired":true,"valueName":"search_term_string"}}],"inLanguage":"tr"},{"@type":"Person","@id":"https:\/\/kemer.grandhotelderin.com\/#\/schema\/person\/d3fd8124c80c636225a272365fa4017d","name":"admin","image":{"@type":"ImageObject","inLanguage":"tr","@id":"https:\/\/secure.gravatar.com\/avatar\/69262a7634a31669ecd9a90e6a8d129de88541c89aeba11b012fcb5326fba0f4?s=96&d=mm&r=g","url":"https:\/\/secure.gravatar.com\/avatar\/69262a7634a31669ecd9a90e6a8d129de88541c89aeba11b012fcb5326fba0f4?s=96&d=mm&r=g","contentUrl":"https:\/\/secure.gravatar.com\/avatar\/69262a7634a31669ecd9a90e6a8d129de88541c89aeba11b012fcb5326fba0f4?s=96&d=mm&r=g","caption":"admin"},"sameAs":["http:\/\/kemer.grandhotelderin.com"],"url":"http:\/\/kemer.grandhotelderin.com\/index.php\/author\/admin\/"}]}},"jetpack_featured_media_url":"","_links":{"self":[{"href":"http:\/\/kemer.grandhotelderin.com\/index.php\/wp-json\/wp\/v2\/posts\/1337","targetHints":{"allow":["GET"]}}],"collection":[{"href":"http:\/\/kemer.grandhotelderin.com\/index.php\/wp-json\/wp\/v2\/posts"}],"about":[{"href":"http:\/\/kemer.grandhotelderin.com\/index.php\/wp-json\/wp\/v2\/types\/post"}],"author":[{"embeddable":true,"href":"http:\/\/kemer.grandhotelderin.com\/index.php\/wp-json\/wp\/v2\/users\/1"}],"replies":[{"embeddable":true,"href":"http:\/\/kemer.grandhotelderin.com\/index.php\/wp-json\/wp\/v2\/comments?post=1337"}],"version-history":[{"count":0,"href":"http:\/\/kemer.grandhotelderin.com\/index.php\/wp-json\/wp\/v2\/posts\/1337\/revisions"}],"wp:featuredmedia":[{"embeddable":true,"href":"http:\/\/kemer.grandhotelderin.com\/index.php\/wp-json\/"}],"wp:attachment":[{"href":"http:\/\/kemer.grandhotelderin.com\/index.php\/wp-json\/wp\/v2\/media?parent=1337"}],"wp:term":[{"taxonomy":"category","embeddable":true,"href":"http:\/\/kemer.grandhotelderin.com\/index.php\/wp-json\/wp\/v2\/categories?post=1337"},{"taxonomy":"post_tag","embeddable":true,"href":"http:\/\/kemer.grandhotelderin.com\/index.php\/wp-json\/wp\/v2\/tags?post=1337"}],"curies":[{"name":"wp","href":"https:\/\/api.w.org\/{rel}","templated":true}]}}