{"id":1423,"date":"2023-07-28T11:57:55","date_gmt":"2023-07-28T08:57:55","guid":{"rendered":"https:\/\/kemer.grandhotelderin.com\/?p=1423"},"modified":"2023-07-28T11:57:55","modified_gmt":"2023-07-28T08:57:55","slug":"kerpe-kadinlar-plaji-nerede-nasil-gidilir","status":"publish","type":"post","link":"http:\/\/kemer.grandhotelderin.com\/index.php\/2023\/07\/28\/kerpe-kadinlar-plaji-nerede-nasil-gidilir\/","title":{"rendered":"Kerpe Kad\u0131nlar Plaj\u0131 Nerede, Nas\u0131l Gidilir?"},"content":{"rendered":"\n\n<div class=\"kk-star-ratings kksr-auto kksr-align-left kksr-valign-top\"\n    data-payload='{&quot;align&quot;:&quot;left&quot;,&quot;id&quot;:&quot;1423&quot;,&quot;slug&quot;:&quot;default&quot;,&quot;valign&quot;:&quot;top&quot;,&quot;ignore&quot;:&quot;&quot;,&quot;reference&quot;:&quot;auto&quot;,&quot;class&quot;:&quot;&quot;,&quot;count&quot;:&quot;0&quot;,&quot;legendonly&quot;:&quot;&quot;,&quot;readonly&quot;:&quot;&quot;,&quot;score&quot;:&quot;0&quot;,&quot;starsonly&quot;:&quot;&quot;,&quot;best&quot;:&quot;5&quot;,&quot;gap&quot;:&quot;5&quot;,&quot;greet&quot;:&quot;Rate this post&quot;,&quot;legend&quot;:&quot;0\\\/5 - (0 votes)&quot;,&quot;size&quot;:&quot;24&quot;,&quot;title&quot;:&quot;Kerpe Kad\u0131nlar Plaj\u0131 Nerede, Nas\u0131l Gidilir?&quot;,&quot;width&quot;:&quot;0&quot;,&quot;_legend&quot;:&quot;{score}\\\/{best} - ({count} {votes})&quot;,&quot;font_factor&quot;:&quot;1.25&quot;}'>\n            \n<div class=\"kksr-stars\">\n    \n<div class=\"kksr-stars-inactive\">\n            <div class=\"kksr-star\" data-star=\"1\" style=\"padding-right: 5px\">\n            \n\n<div class=\"kksr-icon\" style=\"width: 24px; height: 24px;\"><\/div>\n        <\/div>\n            <div class=\"kksr-star\" data-star=\"2\" style=\"padding-right: 5px\">\n            \n\n<div class=\"kksr-icon\" style=\"width: 24px; height: 24px;\"><\/div>\n        <\/div>\n            <div class=\"kksr-star\" data-star=\"3\" style=\"padding-right: 5px\">\n            \n\n<div class=\"kksr-icon\" style=\"width: 24px; height: 24px;\"><\/div>\n        <\/div>\n            <div class=\"kksr-star\" data-star=\"4\" style=\"padding-right: 5px\">\n            \n\n<div class=\"kksr-icon\" style=\"width: 24px; height: 24px;\"><\/div>\n        <\/div>\n            <div class=\"kksr-star\" data-star=\"5\" style=\"padding-right: 5px\">\n            \n\n<div class=\"kksr-icon\" style=\"width: 24px; height: 24px;\"><\/div>\n        <\/div>\n    <\/div>\n    \n<div class=\"kksr-stars-active\" style=\"width: 0px;\">\n            <div class=\"kksr-star\" style=\"padding-right: 5px\">\n            \n\n<div class=\"kksr-icon\" style=\"width: 24px; height: 24px;\"><\/div>\n        <\/div>\n            <div class=\"kksr-star\" style=\"padding-right: 5px\">\n            \n\n<div class=\"kksr-icon\" style=\"width: 24px; height: 24px;\"><\/div>\n        <\/div>\n            <div class=\"kksr-star\" style=\"padding-right: 5px\">\n            \n\n<div class=\"kksr-icon\" style=\"width: 24px; height: 24px;\"><\/div>\n        <\/div>\n            <div class=\"kksr-star\" style=\"padding-right: 5px\">\n            \n\n<div class=\"kksr-icon\" style=\"width: 24px; height: 24px;\"><\/div>\n        <\/div>\n            <div class=\"kksr-star\" style=\"padding-right: 5px\">\n            \n\n<div class=\"kksr-icon\" style=\"width: 24px; height: 24px;\"><\/div>\n        <\/div>\n    <\/div>\n<\/div>\n                \n\n<div class=\"kksr-legend\" style=\"font-size: 19.2px;\">\n            <span class=\"kksr-muted\">Rate this post<\/span>\n    <\/div>\n    <\/div>\n\n<p>Kerpe Kad\u0131nlar Plaj\u0131 dendi\u011fi zaman ak\u0131llara gelen <strong>Mi\u00e7o Koyu<\/strong> \u00f6zellikle hafta sonlar\u0131nda yo\u011fun ilgi g\u00f6rmektedir. Kerpe\u2019nin kad\u0131nlara arma\u011fan\u0131 olan bu plaj ilk olarak 2016 yaz sezonunda a\u00e7\u0131lm\u0131\u015f ve daha sonras\u0131nda bayanlar i\u00e7in geli\u015ftirilerek en ince ayr\u0131nt\u0131s\u0131na g\u00f6re revize edilmi\u015ftir.<\/p>\n\n\n\n<p>Mi\u00e7o Koyu\u2019nda bulunan <strong>Kerpe Kad\u0131nlar Plaj\u0131<\/strong>\u2019n\u0131n i\u015fletmecili\u011fini <strong>Kocaeli B\u00fcy\u00fck\u015fehir Belediyesi<\/strong> \u00fcstlenmektedir. Her sezon okullar\u0131n kapanmas\u0131yla birlikte hizmete giren ve sadece kad\u0131nlara \u00f6zel olan bu plaj, 200 metre uzunlu\u011funda ve 30 metre geni\u015fli\u011findedir.<\/p>\n\n\n<div class=\"wp-block-image\">\n<figure class=\"aligncenter size-full\"><img decoding=\"async\" src=\"https:\/\/kemer.grandhotelderin.com\/wp-content\/uploads\/2023\/07\/kerpe-kadinlar-plaji-nerede.jpg\" alt=\"Kerpe Kad\u0131nlar Plaj\u0131\" class=\"wp-image-1427\"\/><\/figure>\n<\/div>\n\n\n<p><strong>Mavi bayrak \u00f6d\u00fcl\u00fc<\/strong> alan Kerpe Kad\u0131nlar Plaj\u0131\u2019nda deniz genel anlamda kumlu olmas\u0131na ra\u011fmen yer yer \u00e7ak\u0131lda bulunmaktad\u0131r. Giri\u015f k\u0131sm\u0131nda yer alan a\u011fa\u00e7l\u0131k b\u00f6l\u00fcmde piknik yapma \u015fans\u0131 bulunurken WC, otopark, bisiklet park alan\u0131, g\u00f6lgelik, soyunma kabini, cankurtaran ve sa\u011fl\u0131k hizmetleri, du\u015f alma ve g\u00fcne\u015flenme alanlar\u0131, g\u00fcvenli denize girme sahas\u0131, plaj temizlik hizmetleri de vard\u0131r.<\/p>\n\n\n\n<p>Engelli vatanda\u015flara y\u00f6nelik hizmette verilen plaja sadece <strong>8 ya\u015f\u0131na kadar erkek \u00e7ocuklar<\/strong> al\u0131nabilmektedir. Giri\u015flerin \u00fccretsiz oldu\u011fu Kerpe Kad\u0131nlar Plaj\u0131\u2019nda \u00e7ok c\u00fczi rakamlara \u015fezlong ve \u015femsiye kiralanabilmektedir.<\/p>\n\n\n\n<h2 class=\"wp-block-heading\">Kerpe Kad\u0131nlar Plaj\u0131 Mi\u00e7o Koyu Nerededir?<\/h2>\n\n\n\n<p>Kerpe Kad\u0131nlar Plaj\u0131 Mi\u00e7o Koyu, <strong>\u0130zmit<\/strong>\u2019in <strong>Kand\u0131ra<\/strong> il\u00e7esindeki <strong>Kefken <\/strong>ve <strong>Kerpe<\/strong> beldeleri aras\u0131nda yer almaktad\u0131r. Kerpe kayal\u0131klar\u0131n\u0131n hemen yak\u0131n\u0131ndaki plaj tarihi Mi\u00e7o Koyu&#8217;nda sadece kad\u0131nlara \u00f6zel bir sahildir.<\/p>\n\n\n<div class=\"wp-block-image\">\n<figure class=\"aligncenter size-full\"><img decoding=\"async\" src=\"https:\/\/kemer.grandhotelderin.com\/wp-content\/uploads\/2023\/07\/kerpe-kadinlar-plaji-nasil-gidilir.jpg\" alt=\"Kerpe Kad\u0131nlar Plaj\u0131\" class=\"wp-image-1426\"\/><\/figure>\n<\/div>\n\n\n<h2 class=\"wp-block-heading\">Kerpe Kad\u0131nlar Plaj\u0131&#8217;na Nas\u0131l Gidilir?<\/h2>\n\n\n\n<p>\u0130zmit\u2019in Kand\u0131ra il\u00e7esindeki Kerpe Kad\u0131nlar Plaj\u0131&#8217;na merkezden kalkan <strong>Kand\u0131ra-Kerpe otob\u00fcsleri<\/strong>yle ula\u015fmak m\u00fcmk\u00fcnd\u00fcr. \u00d6zel ara\u00e7lar\u0131yla gelecek olanlar i\u00e7in <strong>D-605 karayolu<\/strong>ndan sonra Kerpe y\u00f6n\u00fcne ayr\u0131lan 5 kilometrelik yolu takip etmek yeterli olacakt\u0131r.<\/p>\n\n\n\n<div itemscope itemtype=\"https:\/\/schema.org\/FAQPage\" class=\"classyschema-faqpage\">\n\t<div itemscope itemprop=\"mainEntity\" itemtype=\"https:\/\/schema.org\/Question\" class=\"classyschema-faqpage-qanda\">\n\t\t<h3 itemprop=\"name\" class=\"classyschema-faqpage-question\">Kerpe Kad\u0131nlar Plaj\u0131 Temiz Mi?<\/h3>\n\t\t<div itemscope itemprop=\"acceptedAnswer\" itemtype=\"https:\/\/schema.org\/Answer\" class=\"classyschema-faqpage-answer\">\n\t\t\t<div itemprop=\"text\">\n<p>\u0130zmit\u2019in Kand\u0131ra il\u00e7esindeki Kerpe Kad\u0131nlar Plaj\u0131 olduk\u00e7a temiz ve bak\u0131ml\u0131d\u0131r. Kad\u0131nlar\u0131n kullan\u0131ma a\u00e7\u0131k olan plajda; \u015fezlong, \u015femsiye, du\u015f alanlar\u0131 ve tuvaletler gibi pek \u00e7ok alan bulunmaktad\u0131r. Plaja giri\u015flerde d\u0131\u015far\u0131dan yiyecek ve i\u00e7ecekte getirilebilmektedir.<\/p>\n\t\t\t<\/div>\n\t\t<\/div>\n\t<\/div>\n\t<div itemscope itemprop=\"mainEntity\" itemtype=\"https:\/\/schema.org\/Question\" class=\"classyschema-faqpage-qanda\">\n\t\t<h3 itemprop=\"name\" class=\"classyschema-faqpage-question\">Kerpe Kad\u0131nlar Plaj\u0131 Hafta Sonu A\u00e7\u0131k M\u0131?<\/h3>\n\t\t<div itemscope itemprop=\"acceptedAnswer\" itemtype=\"https:\/\/schema.org\/Answer\" class=\"classyschema-faqpage-answer\">\n\t\t\t<div itemprop=\"text\">\n<p>Sadece yaz d\u00f6nemlerinde hizmete giren Kerpe Kad\u0131nlar Plaj\u0131; hafta i\u00e7i 08.00-02.00, hafta sonlar\u0131 ise 08.00-03.00 saatleri aras\u0131nda a\u00e7\u0131kt\u0131r.<\/p>\n\t\t\t<\/div>\n\t\t<\/div>\n\t<\/div>\n<\/div>\n","protected":false},"excerpt":{"rendered":"<p>Kerpe Kad\u0131nlar Plaj\u0131 dendi\u011fi zaman ak\u0131llara gelen Mi\u00e7o Koyu \u00f6zellikle hafta sonlar\u0131nda yo\u011fun ilgi g\u00f6rmektedir. Kerpe\u2019nin kad\u0131nlara arma\u011fan\u0131 olan bu plaj ilk olarak 2016 yaz sezonunda a\u00e7\u0131lm\u0131\u015f ve daha sonras\u0131nda bayanlar i\u00e7in geli\u015ftirilerek en ince ayr\u0131nt\u0131s\u0131na g\u00f6re revize edilmi\u015ftir. Mi\u00e7o Koyu\u2019nda bulunan Kerpe Kad\u0131nlar Plaj\u0131\u2019n\u0131n i\u015fletmecili\u011fini Kocaeli B\u00fcy\u00fck\u015fehir Belediyesi \u00fcstlenmektedir. Her sezon okullar\u0131n kapanmas\u0131yla birlikte [&hellip;]<\/p>\n","protected":false},"author":1,"featured_media":1425,"comment_status":"open","ping_status":"open","sticky":false,"template":"","format":"standard","meta":{"content-type":"","_joinchat":[],"footnotes":""},"categories":[7],"tags":[],"class_list":{"0":"post-1423","1":"post","2":"type-post","3":"status-publish","4":"format-standard","5":"has-post-thumbnail","7":"category-gezilecek-yerler"},"yoast_head":"<!-- This site is optimized with the Yoast SEO plugin v27.3 - https:\/\/yoast.com\/product\/yoast-seo-wordpress\/ -->\n<title>Kerpe Kad\u0131nlar Plaj\u0131 Nerede, Nas\u0131l Gidilir? - Kemer Otelleri<\/title>\n<meta name=\"description\" content=\"Kerpe Kad\u0131nlar Plaj\u0131 tarihi Mi\u00e7o Koyu\u2019nda yer alan mavi bayrak \u00f6d\u00fcl\u00fc olan sadece kad\u0131nlara ait bir sahildir.\" \/>\n<meta name=\"robots\" content=\"index, follow, max-snippet:-1, max-image-preview:large, max-video-preview:-1\" \/>\n<link rel=\"canonical\" href=\"https:\/\/kemer.grandhotelderin.com\/index.php\/2023\/07\/28\/kerpe-kadinlar-plaji-nerede-nasil-gidilir\/\" \/>\n<meta property=\"og:locale\" content=\"tr_TR\" \/>\n<meta property=\"og:type\" content=\"article\" \/>\n<meta property=\"og:title\" content=\"Kerpe Kad\u0131nlar Plaj\u0131 Nerede, Nas\u0131l Gidilir? - Kemer Otelleri\" \/>\n<meta property=\"og:description\" content=\"Kerpe Kad\u0131nlar Plaj\u0131 tarihi Mi\u00e7o Koyu\u2019nda yer alan mavi bayrak \u00f6d\u00fcl\u00fc olan sadece kad\u0131nlara ait bir sahildir.\" \/>\n<meta property=\"og:url\" content=\"https:\/\/kemer.grandhotelderin.com\/index.php\/2023\/07\/28\/kerpe-kadinlar-plaji-nerede-nasil-gidilir\/\" \/>\n<meta property=\"og:site_name\" content=\"Kemer Otelleri\" \/>\n<meta property=\"article:published_time\" content=\"2023-07-28T08:57:55+00:00\" \/>\n<meta name=\"author\" content=\"admin\" \/>\n<meta name=\"twitter:card\" content=\"summary_large_image\" \/>\n<meta name=\"twitter:label1\" content=\"Yazan:\" \/>\n\t<meta name=\"twitter:data1\" content=\"admin\" \/>\n\t<meta name=\"twitter:label2\" content=\"Tahmini okuma s\u00fcresi\" \/>\n\t<meta name=\"twitter:data2\" content=\"3 dakika\" \/>\n<script type=\"application\/ld+json\" class=\"yoast-schema-graph\">{\"@context\":\"https:\\\/\\\/schema.org\",\"@graph\":[{\"@type\":\"Article\",\"@id\":\"https:\\\/\\\/kemer.grandhotelderin.com\\\/index.php\\\/2023\\\/07\\\/28\\\/kerpe-kadinlar-plaji-nerede-nasil-gidilir\\\/#article\",\"isPartOf\":{\"@id\":\"https:\\\/\\\/kemer.grandhotelderin.com\\\/index.php\\\/2023\\\/07\\\/28\\\/kerpe-kadinlar-plaji-nerede-nasil-gidilir\\\/\"},\"author\":{\"name\":\"admin\",\"@id\":\"https:\\\/\\\/kemer.grandhotelderin.com\\\/#\\\/schema\\\/person\\\/d3fd8124c80c636225a272365fa4017d\"},\"headline\":\"Kerpe Kad\u0131nlar Plaj\u0131 Nerede, Nas\u0131l Gidilir?\",\"datePublished\":\"2023-07-28T08:57:55+00:00\",\"mainEntityOfPage\":{\"@id\":\"https:\\\/\\\/kemer.grandhotelderin.com\\\/index.php\\\/2023\\\/07\\\/28\\\/kerpe-kadinlar-plaji-nerede-nasil-gidilir\\\/\"},\"wordCount\":414,\"commentCount\":0,\"image\":{\"@id\":\"https:\\\/\\\/kemer.grandhotelderin.com\\\/index.php\\\/2023\\\/07\\\/28\\\/kerpe-kadinlar-plaji-nerede-nasil-gidilir\\\/#primaryimage\"},\"thumbnailUrl\":\"\",\"articleSection\":[\"Gezilecek Yerler\"],\"inLanguage\":\"tr\",\"potentialAction\":[{\"@type\":\"CommentAction\",\"name\":\"Comment\",\"target\":[\"https:\\\/\\\/kemer.grandhotelderin.com\\\/index.php\\\/2023\\\/07\\\/28\\\/kerpe-kadinlar-plaji-nerede-nasil-gidilir\\\/#respond\"]}]},{\"@type\":\"WebPage\",\"@id\":\"https:\\\/\\\/kemer.grandhotelderin.com\\\/index.php\\\/2023\\\/07\\\/28\\\/kerpe-kadinlar-plaji-nerede-nasil-gidilir\\\/\",\"url\":\"https:\\\/\\\/kemer.grandhotelderin.com\\\/index.php\\\/2023\\\/07\\\/28\\\/kerpe-kadinlar-plaji-nerede-nasil-gidilir\\\/\",\"name\":\"Kerpe Kad\u0131nlar Plaj\u0131 Nerede, Nas\u0131l Gidilir? - Kemer Otelleri\",\"isPartOf\":{\"@id\":\"https:\\\/\\\/kemer.grandhotelderin.com\\\/#website\"},\"primaryImageOfPage\":{\"@id\":\"https:\\\/\\\/kemer.grandhotelderin.com\\\/index.php\\\/2023\\\/07\\\/28\\\/kerpe-kadinlar-plaji-nerede-nasil-gidilir\\\/#primaryimage\"},\"image\":{\"@id\":\"https:\\\/\\\/kemer.grandhotelderin.com\\\/index.php\\\/2023\\\/07\\\/28\\\/kerpe-kadinlar-plaji-nerede-nasil-gidilir\\\/#primaryimage\"},\"thumbnailUrl\":\"\",\"datePublished\":\"2023-07-28T08:57:55+00:00\",\"author\":{\"@id\":\"https:\\\/\\\/kemer.grandhotelderin.com\\\/#\\\/schema\\\/person\\\/d3fd8124c80c636225a272365fa4017d\"},\"description\":\"Kerpe Kad\u0131nlar Plaj\u0131 tarihi Mi\u00e7o Koyu\u2019nda yer alan mavi bayrak \u00f6d\u00fcl\u00fc olan sadece kad\u0131nlara ait bir sahildir.\",\"breadcrumb\":{\"@id\":\"https:\\\/\\\/kemer.grandhotelderin.com\\\/index.php\\\/2023\\\/07\\\/28\\\/kerpe-kadinlar-plaji-nerede-nasil-gidilir\\\/#breadcrumb\"},\"inLanguage\":\"tr\",\"potentialAction\":[{\"@type\":\"ReadAction\",\"target\":[\"https:\\\/\\\/kemer.grandhotelderin.com\\\/index.php\\\/2023\\\/07\\\/28\\\/kerpe-kadinlar-plaji-nerede-nasil-gidilir\\\/\"]}]},{\"@type\":\"ImageObject\",\"inLanguage\":\"tr\",\"@id\":\"https:\\\/\\\/kemer.grandhotelderin.com\\\/index.php\\\/2023\\\/07\\\/28\\\/kerpe-kadinlar-plaji-nerede-nasil-gidilir\\\/#primaryimage\",\"url\":\"\",\"contentUrl\":\"\"},{\"@type\":\"BreadcrumbList\",\"@id\":\"https:\\\/\\\/kemer.grandhotelderin.com\\\/index.php\\\/2023\\\/07\\\/28\\\/kerpe-kadinlar-plaji-nerede-nasil-gidilir\\\/#breadcrumb\",\"itemListElement\":[{\"@type\":\"ListItem\",\"position\":1,\"name\":\"Anasayfa\",\"item\":\"https:\\\/\\\/kemer.grandhotelderin.com\\\/\"},{\"@type\":\"ListItem\",\"position\":2,\"name\":\"Kerpe Kad\u0131nlar Plaj\u0131 Nerede, Nas\u0131l Gidilir?\"}]},{\"@type\":\"WebSite\",\"@id\":\"https:\\\/\\\/kemer.grandhotelderin.com\\\/#website\",\"url\":\"https:\\\/\\\/kemer.grandhotelderin.com\\\/\",\"name\":\"Kemer Otelleri\",\"description\":\"\",\"potentialAction\":[{\"@type\":\"SearchAction\",\"target\":{\"@type\":\"EntryPoint\",\"urlTemplate\":\"https:\\\/\\\/kemer.grandhotelderin.com\\\/?s={search_term_string}\"},\"query-input\":{\"@type\":\"PropertyValueSpecification\",\"valueRequired\":true,\"valueName\":\"search_term_string\"}}],\"inLanguage\":\"tr\"},{\"@type\":\"Person\",\"@id\":\"https:\\\/\\\/kemer.grandhotelderin.com\\\/#\\\/schema\\\/person\\\/d3fd8124c80c636225a272365fa4017d\",\"name\":\"admin\",\"image\":{\"@type\":\"ImageObject\",\"inLanguage\":\"tr\",\"@id\":\"https:\\\/\\\/secure.gravatar.com\\\/avatar\\\/69262a7634a31669ecd9a90e6a8d129de88541c89aeba11b012fcb5326fba0f4?s=96&d=mm&r=g\",\"url\":\"https:\\\/\\\/secure.gravatar.com\\\/avatar\\\/69262a7634a31669ecd9a90e6a8d129de88541c89aeba11b012fcb5326fba0f4?s=96&d=mm&r=g\",\"contentUrl\":\"https:\\\/\\\/secure.gravatar.com\\\/avatar\\\/69262a7634a31669ecd9a90e6a8d129de88541c89aeba11b012fcb5326fba0f4?s=96&d=mm&r=g\",\"caption\":\"admin\"},\"sameAs\":[\"http:\\\/\\\/kemer.grandhotelderin.com\"],\"url\":\"http:\\\/\\\/kemer.grandhotelderin.com\\\/index.php\\\/author\\\/admin\\\/\"}]}<\/script>\n<!-- \/ Yoast SEO plugin. -->","yoast_head_json":{"title":"Kerpe Kad\u0131nlar Plaj\u0131 Nerede, Nas\u0131l Gidilir? - Kemer Otelleri","description":"Kerpe Kad\u0131nlar Plaj\u0131 tarihi Mi\u00e7o Koyu\u2019nda yer alan mavi bayrak \u00f6d\u00fcl\u00fc olan sadece kad\u0131nlara ait bir sahildir.","robots":{"index":"index","follow":"follow","max-snippet":"max-snippet:-1","max-image-preview":"max-image-preview:large","max-video-preview":"max-video-preview:-1"},"canonical":"https:\/\/kemer.grandhotelderin.com\/index.php\/2023\/07\/28\/kerpe-kadinlar-plaji-nerede-nasil-gidilir\/","og_locale":"tr_TR","og_type":"article","og_title":"Kerpe Kad\u0131nlar Plaj\u0131 Nerede, Nas\u0131l Gidilir? - Kemer Otelleri","og_description":"Kerpe Kad\u0131nlar Plaj\u0131 tarihi Mi\u00e7o Koyu\u2019nda yer alan mavi bayrak \u00f6d\u00fcl\u00fc olan sadece kad\u0131nlara ait bir sahildir.","og_url":"https:\/\/kemer.grandhotelderin.com\/index.php\/2023\/07\/28\/kerpe-kadinlar-plaji-nerede-nasil-gidilir\/","og_site_name":"Kemer Otelleri","article_published_time":"2023-07-28T08:57:55+00:00","author":"admin","twitter_card":"summary_large_image","twitter_misc":{"Yazan:":"admin","Tahmini okuma s\u00fcresi":"3 dakika"},"schema":{"@context":"https:\/\/schema.org","@graph":[{"@type":"Article","@id":"https:\/\/kemer.grandhotelderin.com\/index.php\/2023\/07\/28\/kerpe-kadinlar-plaji-nerede-nasil-gidilir\/#article","isPartOf":{"@id":"https:\/\/kemer.grandhotelderin.com\/index.php\/2023\/07\/28\/kerpe-kadinlar-plaji-nerede-nasil-gidilir\/"},"author":{"name":"admin","@id":"https:\/\/kemer.grandhotelderin.com\/#\/schema\/person\/d3fd8124c80c636225a272365fa4017d"},"headline":"Kerpe Kad\u0131nlar Plaj\u0131 Nerede, Nas\u0131l Gidilir?","datePublished":"2023-07-28T08:57:55+00:00","mainEntityOfPage":{"@id":"https:\/\/kemer.grandhotelderin.com\/index.php\/2023\/07\/28\/kerpe-kadinlar-plaji-nerede-nasil-gidilir\/"},"wordCount":414,"commentCount":0,"image":{"@id":"https:\/\/kemer.grandhotelderin.com\/index.php\/2023\/07\/28\/kerpe-kadinlar-plaji-nerede-nasil-gidilir\/#primaryimage"},"thumbnailUrl":"","articleSection":["Gezilecek Yerler"],"inLanguage":"tr","potentialAction":[{"@type":"CommentAction","name":"Comment","target":["https:\/\/kemer.grandhotelderin.com\/index.php\/2023\/07\/28\/kerpe-kadinlar-plaji-nerede-nasil-gidilir\/#respond"]}]},{"@type":"WebPage","@id":"https:\/\/kemer.grandhotelderin.com\/index.php\/2023\/07\/28\/kerpe-kadinlar-plaji-nerede-nasil-gidilir\/","url":"https:\/\/kemer.grandhotelderin.com\/index.php\/2023\/07\/28\/kerpe-kadinlar-plaji-nerede-nasil-gidilir\/","name":"Kerpe Kad\u0131nlar Plaj\u0131 Nerede, Nas\u0131l Gidilir? - Kemer Otelleri","isPartOf":{"@id":"https:\/\/kemer.grandhotelderin.com\/#website"},"primaryImageOfPage":{"@id":"https:\/\/kemer.grandhotelderin.com\/index.php\/2023\/07\/28\/kerpe-kadinlar-plaji-nerede-nasil-gidilir\/#primaryimage"},"image":{"@id":"https:\/\/kemer.grandhotelderin.com\/index.php\/2023\/07\/28\/kerpe-kadinlar-plaji-nerede-nasil-gidilir\/#primaryimage"},"thumbnailUrl":"","datePublished":"2023-07-28T08:57:55+00:00","author":{"@id":"https:\/\/kemer.grandhotelderin.com\/#\/schema\/person\/d3fd8124c80c636225a272365fa4017d"},"description":"Kerpe Kad\u0131nlar Plaj\u0131 tarihi Mi\u00e7o Koyu\u2019nda yer alan mavi bayrak \u00f6d\u00fcl\u00fc olan sadece kad\u0131nlara ait bir sahildir.","breadcrumb":{"@id":"https:\/\/kemer.grandhotelderin.com\/index.php\/2023\/07\/28\/kerpe-kadinlar-plaji-nerede-nasil-gidilir\/#breadcrumb"},"inLanguage":"tr","potentialAction":[{"@type":"ReadAction","target":["https:\/\/kemer.grandhotelderin.com\/index.php\/2023\/07\/28\/kerpe-kadinlar-plaji-nerede-nasil-gidilir\/"]}]},{"@type":"ImageObject","inLanguage":"tr","@id":"https:\/\/kemer.grandhotelderin.com\/index.php\/2023\/07\/28\/kerpe-kadinlar-plaji-nerede-nasil-gidilir\/#primaryimage","url":"","contentUrl":""},{"@type":"BreadcrumbList","@id":"https:\/\/kemer.grandhotelderin.com\/index.php\/2023\/07\/28\/kerpe-kadinlar-plaji-nerede-nasil-gidilir\/#breadcrumb","itemListElement":[{"@type":"ListItem","position":1,"name":"Anasayfa","item":"https:\/\/kemer.grandhotelderin.com\/"},{"@type":"ListItem","position":2,"name":"Kerpe Kad\u0131nlar Plaj\u0131 Nerede, Nas\u0131l Gidilir?"}]},{"@type":"WebSite","@id":"https:\/\/kemer.grandhotelderin.com\/#website","url":"https:\/\/kemer.grandhotelderin.com\/","name":"Kemer Otelleri","description":"","potentialAction":[{"@type":"SearchAction","target":{"@type":"EntryPoint","urlTemplate":"https:\/\/kemer.grandhotelderin.com\/?s={search_term_string}"},"query-input":{"@type":"PropertyValueSpecification","valueRequired":true,"valueName":"search_term_string"}}],"inLanguage":"tr"},{"@type":"Person","@id":"https:\/\/kemer.grandhotelderin.com\/#\/schema\/person\/d3fd8124c80c636225a272365fa4017d","name":"admin","image":{"@type":"ImageObject","inLanguage":"tr","@id":"https:\/\/secure.gravatar.com\/avatar\/69262a7634a31669ecd9a90e6a8d129de88541c89aeba11b012fcb5326fba0f4?s=96&d=mm&r=g","url":"https:\/\/secure.gravatar.com\/avatar\/69262a7634a31669ecd9a90e6a8d129de88541c89aeba11b012fcb5326fba0f4?s=96&d=mm&r=g","contentUrl":"https:\/\/secure.gravatar.com\/avatar\/69262a7634a31669ecd9a90e6a8d129de88541c89aeba11b012fcb5326fba0f4?s=96&d=mm&r=g","caption":"admin"},"sameAs":["http:\/\/kemer.grandhotelderin.com"],"url":"http:\/\/kemer.grandhotelderin.com\/index.php\/author\/admin\/"}]}},"jetpack_featured_media_url":"","_links":{"self":[{"href":"http:\/\/kemer.grandhotelderin.com\/index.php\/wp-json\/wp\/v2\/posts\/1423","targetHints":{"allow":["GET"]}}],"collection":[{"href":"http:\/\/kemer.grandhotelderin.com\/index.php\/wp-json\/wp\/v2\/posts"}],"about":[{"href":"http:\/\/kemer.grandhotelderin.com\/index.php\/wp-json\/wp\/v2\/types\/post"}],"author":[{"embeddable":true,"href":"http:\/\/kemer.grandhotelderin.com\/index.php\/wp-json\/wp\/v2\/users\/1"}],"replies":[{"embeddable":true,"href":"http:\/\/kemer.grandhotelderin.com\/index.php\/wp-json\/wp\/v2\/comments?post=1423"}],"version-history":[{"count":0,"href":"http:\/\/kemer.grandhotelderin.com\/index.php\/wp-json\/wp\/v2\/posts\/1423\/revisions"}],"wp:featuredmedia":[{"embeddable":true,"href":"http:\/\/kemer.grandhotelderin.com\/index.php\/wp-json\/"}],"wp:attachment":[{"href":"http:\/\/kemer.grandhotelderin.com\/index.php\/wp-json\/wp\/v2\/media?parent=1423"}],"wp:term":[{"taxonomy":"category","embeddable":true,"href":"http:\/\/kemer.grandhotelderin.com\/index.php\/wp-json\/wp\/v2\/categories?post=1423"},{"taxonomy":"post_tag","embeddable":true,"href":"http:\/\/kemer.grandhotelderin.com\/index.php\/wp-json\/wp\/v2\/tags?post=1423"}],"curies":[{"name":"wp","href":"https:\/\/api.w.org\/{rel}","templated":true}]}}