{"id":1546,"date":"2023-08-13T23:21:48","date_gmt":"2023-08-13T20:21:48","guid":{"rendered":"https:\/\/kemer.grandhotelderin.com\/?p=1546"},"modified":"2023-08-13T23:21:48","modified_gmt":"2023-08-13T20:21:48","slug":"konserve-koyu-halk-plaji","status":"publish","type":"post","link":"http:\/\/kemer.grandhotelderin.com\/index.php\/2023\/08\/13\/konserve-koyu-halk-plaji\/","title":{"rendered":"Konserve Koyu Halk Plaj\u0131 Nerede, Nas\u0131l Gidilir?"},"content":{"rendered":"\n\n<div class=\"kk-star-ratings kksr-auto kksr-align-left kksr-valign-top\"\n    data-payload='{&quot;align&quot;:&quot;left&quot;,&quot;id&quot;:&quot;1546&quot;,&quot;slug&quot;:&quot;default&quot;,&quot;valign&quot;:&quot;top&quot;,&quot;ignore&quot;:&quot;&quot;,&quot;reference&quot;:&quot;auto&quot;,&quot;class&quot;:&quot;&quot;,&quot;count&quot;:&quot;1&quot;,&quot;legendonly&quot;:&quot;&quot;,&quot;readonly&quot;:&quot;&quot;,&quot;score&quot;:&quot;5&quot;,&quot;starsonly&quot;:&quot;&quot;,&quot;best&quot;:&quot;5&quot;,&quot;gap&quot;:&quot;5&quot;,&quot;greet&quot;:&quot;Rate this post&quot;,&quot;legend&quot;:&quot;5\\\/5 - (1 vote)&quot;,&quot;size&quot;:&quot;24&quot;,&quot;title&quot;:&quot;Konserve Koyu Halk Plaj\u0131 Nerede, Nas\u0131l Gidilir?&quot;,&quot;width&quot;:&quot;142.5&quot;,&quot;_legend&quot;:&quot;{score}\\\/{best} - ({count} {votes})&quot;,&quot;font_factor&quot;:&quot;1.25&quot;}'>\n            \n<div class=\"kksr-stars\">\n    \n<div class=\"kksr-stars-inactive\">\n            <div class=\"kksr-star\" data-star=\"1\" style=\"padding-right: 5px\">\n            \n\n<div class=\"kksr-icon\" style=\"width: 24px; height: 24px;\"><\/div>\n        <\/div>\n            <div class=\"kksr-star\" data-star=\"2\" style=\"padding-right: 5px\">\n            \n\n<div class=\"kksr-icon\" style=\"width: 24px; height: 24px;\"><\/div>\n        <\/div>\n            <div class=\"kksr-star\" data-star=\"3\" style=\"padding-right: 5px\">\n            \n\n<div class=\"kksr-icon\" style=\"width: 24px; height: 24px;\"><\/div>\n        <\/div>\n            <div class=\"kksr-star\" data-star=\"4\" style=\"padding-right: 5px\">\n            \n\n<div class=\"kksr-icon\" style=\"width: 24px; height: 24px;\"><\/div>\n        <\/div>\n            <div class=\"kksr-star\" data-star=\"5\" style=\"padding-right: 5px\">\n            \n\n<div class=\"kksr-icon\" style=\"width: 24px; height: 24px;\"><\/div>\n        <\/div>\n    <\/div>\n    \n<div class=\"kksr-stars-active\" style=\"width: 142.5px;\">\n            <div class=\"kksr-star\" style=\"padding-right: 5px\">\n            \n\n<div class=\"kksr-icon\" style=\"width: 24px; height: 24px;\"><\/div>\n        <\/div>\n            <div class=\"kksr-star\" style=\"padding-right: 5px\">\n            \n\n<div class=\"kksr-icon\" style=\"width: 24px; height: 24px;\"><\/div>\n        <\/div>\n            <div class=\"kksr-star\" style=\"padding-right: 5px\">\n            \n\n<div class=\"kksr-icon\" style=\"width: 24px; height: 24px;\"><\/div>\n        <\/div>\n            <div class=\"kksr-star\" style=\"padding-right: 5px\">\n            \n\n<div class=\"kksr-icon\" style=\"width: 24px; height: 24px;\"><\/div>\n        <\/div>\n            <div class=\"kksr-star\" style=\"padding-right: 5px\">\n            \n\n<div class=\"kksr-icon\" style=\"width: 24px; height: 24px;\"><\/div>\n        <\/div>\n    <\/div>\n<\/div>\n                \n\n<div class=\"kksr-legend\" style=\"font-size: 19.2px;\">\n            5\/5 - (1 vote)    <\/div>\n    <\/div>\n\n<p>Konserve Koyu Halk Plaj\u0131, Antalya\u2019n\u0131n mavi bayrakl\u0131 plajlar\u0131 aras\u0131ndad\u0131r. Gece hayat\u0131 en hareketli b\u00f6lgelerdeki konumlar aras\u0131nda bulunan plaja her yaz olduk\u00e7a b\u00fcy\u00fck bir ra\u011fbet vard\u0131r. Muratpa\u015fa Belediyesi taraf\u0131ndan ger\u00e7ekle\u015ftirilen at\u0131l\u0131mlar sayesinde halk plaj\u0131na evrilen bu yer olduk\u00e7a ilgin\u00e7tir.<\/p>\n\n\n\n<p>Denizin alt k\u0131sm\u0131ndan \u00e7\u0131kan kaynak sular\u0131 ve so\u011fuk sular\u0131n\u0131n birle\u015fti\u011fi noktada yer alan Konserve Koyu Halk Plaj\u0131\u2019n\u0131n uzunlu\u011fu 60 m, geni\u015fli\u011fi de 30 m civarlar\u0131ndad\u0131r. Plaja ini\u015f k\u0131sm\u0131nda bile \u015fezlong yerine bu k\u0131sma havlusunu atanlar\u0131 da g\u00f6zlemlemek m\u00fcmk\u00fcnd\u00fcr.<\/p>\n\n\n\n<p>Falez plajlar\u0131 aras\u0131nda bulunan Konserve Koyu Halk Plaj\u0131\u2019n\u0131n sahil k\u0131sm\u0131nda kum bulunmamaktad\u0131r. Deniz ta\u015fl\u0131k ve kayal\u0131k oldu\u011fundan kurulan ah\u015fap iskele sayesinde merdiven arac\u0131l\u0131\u011f\u0131yla denize girilebilmektedir. Kayal\u0131k k\u0131s\u0131mlar\u0131 yosunlu olan sahilde zaman zaman siyah yenge\u00e7 g\u00f6rmekte m\u00fcmk\u00fcnd\u00fcr. Ancak bunlar hi\u00e7bir insana zarar vermemektedir.<\/p>\n\n\n<div class=\"wp-block-image\">\n<figure class=\"aligncenter size-full\"><img decoding=\"async\" src=\"https:\/\/kemer.grandhotelderin.com\/wp-content\/uploads\/2023\/08\/konserve-koyu-halk-plaji-1.jpg\" alt=\"Konserve Koyu Halk Plaj\u0131\" class=\"wp-image-1550\"\/><\/figure>\n<\/div>\n\n\n<p>Falezlerde yer alan Konserve Koyu Halk Plaj\u0131\u2019na ini\u015f i\u00e7in merdivenler kullan\u0131lmaktad\u0131r. Olduk\u00e7a dik konumlanan merdivenlerden inmek biraz yorucudur. Ancak halk plaj\u0131 olmas\u0131 nedeniyle b\u00f6lgeye yo\u011fun bir ra\u011fbet bulunmaktad\u0131r.<\/p>\n\n\n\n<h2 class=\"wp-block-heading\">Konserve Koyu Halk Plaj\u0131 Nerededir?<\/h2>\n\n\n\n<p>Konserve Koyu Halk Plaj\u0131, Antalya\u2019n\u0131n Muratpa\u015fa il\u00e7esinde Lara b\u00f6lgesi civarlar\u0131ndad\u0131r. Antalya Havaliman\u0131\u2019na 14 km mesafesi bulunan plaj, D\u00fcden \u015eelalesi\u2019ne 4 km, Antalya \u015fehir merkezine ise 7 km kadar uzakl\u0131ktad\u0131r.<\/p>\n\n\n\n<h2 class=\"wp-block-heading\">Konserve Koyu Halk Plaj\u0131&#8217;na Nas\u0131l Gidilir?<\/h2>\n\n\n\n<p>Antalya\u2019n\u0131n Muratpa\u015fa il\u00e7esinde yer alan Konserve Koyu Halk Plaj\u0131\u2019na \u00f6zel ara\u00e7, taksi ve \u015eirinyal\u0131 minib\u00fcsleriyle ula\u015fmak olduk\u00e7a rahatt\u0131r. Birinci dereceden sit alan\u0131 olarak korunan plaj\u0131n sahil k\u0131sm\u0131nda bulunan platform g\u00fcne\u015flenmek i\u00e7in idealdir.<\/p>\n\n\n\n<figure class=\"wp-block-image size-full\"><img decoding=\"async\" src=\"https:\/\/kemer.grandhotelderin.com\/wp-content\/uploads\/2023\/08\/konserve-koyu-halk-plaji-2.jpg\" alt=\"Konserve Koyu Halk Plaj\u0131\" class=\"wp-image-1551\"\/><\/figure>\n\n\n\n<p>\u00d6zellikle y\u00fczmeyi yeni \u00f6\u011frenenler ve \u00e7ocuklu aileler i\u00e7in falez plajlardan birisi olan bu yer kesinlikle \u00f6nerilmemektedir. Du\u015f, giyinme kabini ve tuvalet gibi imkanlara sahip olan plajda restoran ve kafeterya da bulunmaktad\u0131r.<\/p>\n\n\n\n<h2 class=\"wp-block-heading\">Konserve Koyu Halk Plaj\u0131&#8217;n\u0131n \u00d6zellikleri<\/h2>\n\n\n\n<ul class=\"wp-block-list\">\n<li>Mavi bayrakl\u0131 plajd\u0131r.<\/li>\n\n\n\n<li>Dik konumdaki merdivenlerden plaja inilmektedir.<\/li>\n\n\n\n<li>Falez plaj\u0131d\u0131r.<\/li>\n\n\n\n<li>Plaj, ta\u015fl\u0131k ve kayal\u0131kt\u0131r.<\/li>\n\n\n\n<li>Merkezi konumlara yak\u0131nd\u0131r.<\/li>\n<\/ul>\n\n\n\n<div itemscope itemtype=\"https:\/\/schema.org\/FAQPage\" class=\"classyschema-faqpage\">\n\t<div itemscope itemprop=\"mainEntity\" itemtype=\"https:\/\/schema.org\/Question\" class=\"classyschema-faqpage-qanda\">\n\t\t<h3 itemprop=\"name\" class=\"classyschema-faqpage-question\">Konserve Koyu Halk Plaj\u0131 \u00dccretli Mi?<\/h3>\n\t\t<div itemscope itemprop=\"acceptedAnswer\" itemtype=\"https:\/\/schema.org\/Answer\" class=\"classyschema-faqpage-answer\">\n\t\t\t<div itemprop=\"text\">\n<p>Konserve Koyu Halk Plaj\u0131&#8217;na giri\u015fler \u00fccretsizdir. Sadece \u015fezlong kiralamak isteyenler i\u00e7in bu rakam 50 TL civarlar\u0131ndad\u0131r.<\/p>\n\t\t\t<\/div>\n\t\t<\/div>\n\t<\/div>\n\t<div itemscope itemprop=\"mainEntity\" itemtype=\"https:\/\/schema.org\/Question\" class=\"classyschema-faqpage-qanda\">\n\t\t<h3 itemprop=\"name\" class=\"classyschema-faqpage-question\">Konserve Koyu Halk Plaj\u0131 Saat Ka\u00e7ta A\u00e7\u0131l\u0131yor?<\/h3>\n\t\t<div itemscope itemprop=\"acceptedAnswer\" itemtype=\"https:\/\/schema.org\/Answer\" class=\"classyschema-faqpage-answer\">\n\t\t\t<div itemprop=\"text\">\n<p>Falez k\u0131sm\u0131nda yer alan Konserve Koyu Halk Plaj\u0131 yaz sezonu boyunca haftan\u0131n her g\u00fcn\u00fc 08.00-20.00 saatleri aras\u0131nda hizmet vermektedir.<\/p>\n\t\t\t<\/div>\n\t\t<\/div>\n\t<\/div>\n\t<div itemscope itemprop=\"mainEntity\" itemtype=\"https:\/\/schema.org\/Question\" class=\"classyschema-faqpage-qanda\">\n\t\t<h3 itemprop=\"name\" class=\"classyschema-faqpage-question\">Konserve Koyu Halk Plaj\u0131 Derin Mi?<\/h3>\n\t\t<div itemscope itemprop=\"acceptedAnswer\" itemtype=\"https:\/\/schema.org\/Answer\" class=\"classyschema-faqpage-answer\">\n\t\t\t<div itemprop=\"text\">\n<p>Sahil k\u0131sm\u0131nda bulunan iskeleden merdivenlerle denize girilen Konserve Koyu Halk Plaj\u0131\u2019n\u0131n uzunlu\u011fu 60 m, geni\u015fli\u011fi ise 30 m oldu\u011fundan deniz derindir.<\/p>\n\t\t\t<\/div>\n\t\t<\/div>\n\t<\/div>\n<\/div>\n","protected":false},"excerpt":{"rendered":"<p>Konserve Koyu Halk Plaj\u0131, Antalya\u2019n\u0131n mavi bayrakl\u0131 plajlar\u0131 aras\u0131ndad\u0131r. Gece hayat\u0131 en hareketli b\u00f6lgelerdeki konumlar aras\u0131nda bulunan plaja her yaz olduk\u00e7a b\u00fcy\u00fck bir ra\u011fbet vard\u0131r. Muratpa\u015fa Belediyesi taraf\u0131ndan ger\u00e7ekle\u015ftirilen at\u0131l\u0131mlar sayesinde halk plaj\u0131na evrilen bu yer olduk\u00e7a ilgin\u00e7tir. Denizin alt k\u0131sm\u0131ndan \u00e7\u0131kan kaynak sular\u0131 ve so\u011fuk sular\u0131n\u0131n birle\u015fti\u011fi noktada yer alan Konserve Koyu Halk Plaj\u0131\u2019n\u0131n [&hellip;]<\/p>\n","protected":false},"author":1,"featured_media":1549,"comment_status":"open","ping_status":"open","sticky":false,"template":"","format":"standard","meta":{"content-type":"","_joinchat":[],"footnotes":""},"categories":[7],"tags":[],"class_list":{"0":"post-1546","1":"post","2":"type-post","3":"status-publish","4":"format-standard","5":"has-post-thumbnail","7":"category-gezilecek-yerler"},"yoast_head":"<!-- This site is optimized with the Yoast SEO plugin v27.3 - https:\/\/yoast.com\/product\/yoast-seo-wordpress\/ -->\n<title>Konserve Koyu Halk Plaj\u0131 Nerede, Nas\u0131l Gidilir? - Kemer Otelleri<\/title>\n<meta name=\"description\" content=\"Konserve Koyu Halk Plaj\u0131, mavi bayrakl\u0131 plajlar aras\u0131nda yer al\u0131p falezlerin dibinde dik merdivenlerden sahile inilen bir k\u0131s\u0131mdad\u0131r.\" \/>\n<meta name=\"robots\" content=\"index, follow, max-snippet:-1, max-image-preview:large, max-video-preview:-1\" \/>\n<link rel=\"canonical\" href=\"http:\/\/kemer.grandhotelderin.com\/index.php\/2023\/08\/13\/konserve-koyu-halk-plaji\/\" \/>\n<meta property=\"og:locale\" content=\"tr_TR\" \/>\n<meta property=\"og:type\" content=\"article\" \/>\n<meta property=\"og:title\" content=\"Konserve Koyu Halk Plaj\u0131 Nerede, Nas\u0131l Gidilir? - Kemer Otelleri\" \/>\n<meta property=\"og:description\" content=\"Konserve Koyu Halk Plaj\u0131, mavi bayrakl\u0131 plajlar aras\u0131nda yer al\u0131p falezlerin dibinde dik merdivenlerden sahile inilen bir k\u0131s\u0131mdad\u0131r.\" \/>\n<meta property=\"og:url\" content=\"http:\/\/kemer.grandhotelderin.com\/index.php\/2023\/08\/13\/konserve-koyu-halk-plaji\/\" \/>\n<meta property=\"og:site_name\" content=\"Kemer Otelleri\" \/>\n<meta property=\"article:published_time\" content=\"2023-08-13T20:21:48+00:00\" \/>\n<meta name=\"author\" content=\"admin\" \/>\n<meta name=\"twitter:card\" content=\"summary_large_image\" \/>\n<meta name=\"twitter:label1\" content=\"Yazan:\" \/>\n\t<meta name=\"twitter:data1\" content=\"admin\" \/>\n\t<meta name=\"twitter:label2\" content=\"Tahmini okuma s\u00fcresi\" \/>\n\t<meta name=\"twitter:data2\" content=\"3 dakika\" \/>\n<script type=\"application\/ld+json\" class=\"yoast-schema-graph\">{\"@context\":\"https:\\\/\\\/schema.org\",\"@graph\":[{\"@type\":\"Article\",\"@id\":\"http:\\\/\\\/kemer.grandhotelderin.com\\\/index.php\\\/2023\\\/08\\\/13\\\/konserve-koyu-halk-plaji\\\/#article\",\"isPartOf\":{\"@id\":\"http:\\\/\\\/kemer.grandhotelderin.com\\\/index.php\\\/2023\\\/08\\\/13\\\/konserve-koyu-halk-plaji\\\/\"},\"author\":{\"name\":\"admin\",\"@id\":\"https:\\\/\\\/kemer.grandhotelderin.com\\\/#\\\/schema\\\/person\\\/d3fd8124c80c636225a272365fa4017d\"},\"headline\":\"Konserve Koyu Halk Plaj\u0131 Nerede, Nas\u0131l Gidilir?\",\"datePublished\":\"2023-08-13T20:21:48+00:00\",\"mainEntityOfPage\":{\"@id\":\"http:\\\/\\\/kemer.grandhotelderin.com\\\/index.php\\\/2023\\\/08\\\/13\\\/konserve-koyu-halk-plaji\\\/\"},\"wordCount\":481,\"commentCount\":0,\"image\":{\"@id\":\"http:\\\/\\\/kemer.grandhotelderin.com\\\/index.php\\\/2023\\\/08\\\/13\\\/konserve-koyu-halk-plaji\\\/#primaryimage\"},\"thumbnailUrl\":\"\",\"articleSection\":[\"Gezilecek Yerler\"],\"inLanguage\":\"tr\",\"potentialAction\":[{\"@type\":\"CommentAction\",\"name\":\"Comment\",\"target\":[\"http:\\\/\\\/kemer.grandhotelderin.com\\\/index.php\\\/2023\\\/08\\\/13\\\/konserve-koyu-halk-plaji\\\/#respond\"]}]},{\"@type\":\"WebPage\",\"@id\":\"http:\\\/\\\/kemer.grandhotelderin.com\\\/index.php\\\/2023\\\/08\\\/13\\\/konserve-koyu-halk-plaji\\\/\",\"url\":\"http:\\\/\\\/kemer.grandhotelderin.com\\\/index.php\\\/2023\\\/08\\\/13\\\/konserve-koyu-halk-plaji\\\/\",\"name\":\"Konserve Koyu Halk Plaj\u0131 Nerede, Nas\u0131l Gidilir? - Kemer Otelleri\",\"isPartOf\":{\"@id\":\"https:\\\/\\\/kemer.grandhotelderin.com\\\/#website\"},\"primaryImageOfPage\":{\"@id\":\"http:\\\/\\\/kemer.grandhotelderin.com\\\/index.php\\\/2023\\\/08\\\/13\\\/konserve-koyu-halk-plaji\\\/#primaryimage\"},\"image\":{\"@id\":\"http:\\\/\\\/kemer.grandhotelderin.com\\\/index.php\\\/2023\\\/08\\\/13\\\/konserve-koyu-halk-plaji\\\/#primaryimage\"},\"thumbnailUrl\":\"\",\"datePublished\":\"2023-08-13T20:21:48+00:00\",\"author\":{\"@id\":\"https:\\\/\\\/kemer.grandhotelderin.com\\\/#\\\/schema\\\/person\\\/d3fd8124c80c636225a272365fa4017d\"},\"description\":\"Konserve Koyu Halk Plaj\u0131, mavi bayrakl\u0131 plajlar aras\u0131nda yer al\u0131p falezlerin dibinde dik merdivenlerden sahile inilen bir k\u0131s\u0131mdad\u0131r.\",\"breadcrumb\":{\"@id\":\"http:\\\/\\\/kemer.grandhotelderin.com\\\/index.php\\\/2023\\\/08\\\/13\\\/konserve-koyu-halk-plaji\\\/#breadcrumb\"},\"inLanguage\":\"tr\",\"potentialAction\":[{\"@type\":\"ReadAction\",\"target\":[\"http:\\\/\\\/kemer.grandhotelderin.com\\\/index.php\\\/2023\\\/08\\\/13\\\/konserve-koyu-halk-plaji\\\/\"]}]},{\"@type\":\"ImageObject\",\"inLanguage\":\"tr\",\"@id\":\"http:\\\/\\\/kemer.grandhotelderin.com\\\/index.php\\\/2023\\\/08\\\/13\\\/konserve-koyu-halk-plaji\\\/#primaryimage\",\"url\":\"\",\"contentUrl\":\"\"},{\"@type\":\"BreadcrumbList\",\"@id\":\"http:\\\/\\\/kemer.grandhotelderin.com\\\/index.php\\\/2023\\\/08\\\/13\\\/konserve-koyu-halk-plaji\\\/#breadcrumb\",\"itemListElement\":[{\"@type\":\"ListItem\",\"position\":1,\"name\":\"Anasayfa\",\"item\":\"https:\\\/\\\/kemer.grandhotelderin.com\\\/\"},{\"@type\":\"ListItem\",\"position\":2,\"name\":\"Konserve Koyu Halk Plaj\u0131 Nerede, Nas\u0131l Gidilir?\"}]},{\"@type\":\"WebSite\",\"@id\":\"https:\\\/\\\/kemer.grandhotelderin.com\\\/#website\",\"url\":\"https:\\\/\\\/kemer.grandhotelderin.com\\\/\",\"name\":\"Kemer Otelleri\",\"description\":\"\",\"potentialAction\":[{\"@type\":\"SearchAction\",\"target\":{\"@type\":\"EntryPoint\",\"urlTemplate\":\"https:\\\/\\\/kemer.grandhotelderin.com\\\/?s={search_term_string}\"},\"query-input\":{\"@type\":\"PropertyValueSpecification\",\"valueRequired\":true,\"valueName\":\"search_term_string\"}}],\"inLanguage\":\"tr\"},{\"@type\":\"Person\",\"@id\":\"https:\\\/\\\/kemer.grandhotelderin.com\\\/#\\\/schema\\\/person\\\/d3fd8124c80c636225a272365fa4017d\",\"name\":\"admin\",\"image\":{\"@type\":\"ImageObject\",\"inLanguage\":\"tr\",\"@id\":\"https:\\\/\\\/secure.gravatar.com\\\/avatar\\\/69262a7634a31669ecd9a90e6a8d129de88541c89aeba11b012fcb5326fba0f4?s=96&d=mm&r=g\",\"url\":\"https:\\\/\\\/secure.gravatar.com\\\/avatar\\\/69262a7634a31669ecd9a90e6a8d129de88541c89aeba11b012fcb5326fba0f4?s=96&d=mm&r=g\",\"contentUrl\":\"https:\\\/\\\/secure.gravatar.com\\\/avatar\\\/69262a7634a31669ecd9a90e6a8d129de88541c89aeba11b012fcb5326fba0f4?s=96&d=mm&r=g\",\"caption\":\"admin\"},\"sameAs\":[\"http:\\\/\\\/kemer.grandhotelderin.com\"],\"url\":\"http:\\\/\\\/kemer.grandhotelderin.com\\\/index.php\\\/author\\\/admin\\\/\"}]}<\/script>\n<!-- \/ Yoast SEO plugin. -->","yoast_head_json":{"title":"Konserve Koyu Halk Plaj\u0131 Nerede, Nas\u0131l Gidilir? - Kemer Otelleri","description":"Konserve Koyu Halk Plaj\u0131, mavi bayrakl\u0131 plajlar aras\u0131nda yer al\u0131p falezlerin dibinde dik merdivenlerden sahile inilen bir k\u0131s\u0131mdad\u0131r.","robots":{"index":"index","follow":"follow","max-snippet":"max-snippet:-1","max-image-preview":"max-image-preview:large","max-video-preview":"max-video-preview:-1"},"canonical":"http:\/\/kemer.grandhotelderin.com\/index.php\/2023\/08\/13\/konserve-koyu-halk-plaji\/","og_locale":"tr_TR","og_type":"article","og_title":"Konserve Koyu Halk Plaj\u0131 Nerede, Nas\u0131l Gidilir? - Kemer Otelleri","og_description":"Konserve Koyu Halk Plaj\u0131, mavi bayrakl\u0131 plajlar aras\u0131nda yer al\u0131p falezlerin dibinde dik merdivenlerden sahile inilen bir k\u0131s\u0131mdad\u0131r.","og_url":"http:\/\/kemer.grandhotelderin.com\/index.php\/2023\/08\/13\/konserve-koyu-halk-plaji\/","og_site_name":"Kemer Otelleri","article_published_time":"2023-08-13T20:21:48+00:00","author":"admin","twitter_card":"summary_large_image","twitter_misc":{"Yazan:":"admin","Tahmini okuma s\u00fcresi":"3 dakika"},"schema":{"@context":"https:\/\/schema.org","@graph":[{"@type":"Article","@id":"http:\/\/kemer.grandhotelderin.com\/index.php\/2023\/08\/13\/konserve-koyu-halk-plaji\/#article","isPartOf":{"@id":"http:\/\/kemer.grandhotelderin.com\/index.php\/2023\/08\/13\/konserve-koyu-halk-plaji\/"},"author":{"name":"admin","@id":"https:\/\/kemer.grandhotelderin.com\/#\/schema\/person\/d3fd8124c80c636225a272365fa4017d"},"headline":"Konserve Koyu Halk Plaj\u0131 Nerede, Nas\u0131l Gidilir?","datePublished":"2023-08-13T20:21:48+00:00","mainEntityOfPage":{"@id":"http:\/\/kemer.grandhotelderin.com\/index.php\/2023\/08\/13\/konserve-koyu-halk-plaji\/"},"wordCount":481,"commentCount":0,"image":{"@id":"http:\/\/kemer.grandhotelderin.com\/index.php\/2023\/08\/13\/konserve-koyu-halk-plaji\/#primaryimage"},"thumbnailUrl":"","articleSection":["Gezilecek Yerler"],"inLanguage":"tr","potentialAction":[{"@type":"CommentAction","name":"Comment","target":["http:\/\/kemer.grandhotelderin.com\/index.php\/2023\/08\/13\/konserve-koyu-halk-plaji\/#respond"]}]},{"@type":"WebPage","@id":"http:\/\/kemer.grandhotelderin.com\/index.php\/2023\/08\/13\/konserve-koyu-halk-plaji\/","url":"http:\/\/kemer.grandhotelderin.com\/index.php\/2023\/08\/13\/konserve-koyu-halk-plaji\/","name":"Konserve Koyu Halk Plaj\u0131 Nerede, Nas\u0131l Gidilir? - Kemer Otelleri","isPartOf":{"@id":"https:\/\/kemer.grandhotelderin.com\/#website"},"primaryImageOfPage":{"@id":"http:\/\/kemer.grandhotelderin.com\/index.php\/2023\/08\/13\/konserve-koyu-halk-plaji\/#primaryimage"},"image":{"@id":"http:\/\/kemer.grandhotelderin.com\/index.php\/2023\/08\/13\/konserve-koyu-halk-plaji\/#primaryimage"},"thumbnailUrl":"","datePublished":"2023-08-13T20:21:48+00:00","author":{"@id":"https:\/\/kemer.grandhotelderin.com\/#\/schema\/person\/d3fd8124c80c636225a272365fa4017d"},"description":"Konserve Koyu Halk Plaj\u0131, mavi bayrakl\u0131 plajlar aras\u0131nda yer al\u0131p falezlerin dibinde dik merdivenlerden sahile inilen bir k\u0131s\u0131mdad\u0131r.","breadcrumb":{"@id":"http:\/\/kemer.grandhotelderin.com\/index.php\/2023\/08\/13\/konserve-koyu-halk-plaji\/#breadcrumb"},"inLanguage":"tr","potentialAction":[{"@type":"ReadAction","target":["http:\/\/kemer.grandhotelderin.com\/index.php\/2023\/08\/13\/konserve-koyu-halk-plaji\/"]}]},{"@type":"ImageObject","inLanguage":"tr","@id":"http:\/\/kemer.grandhotelderin.com\/index.php\/2023\/08\/13\/konserve-koyu-halk-plaji\/#primaryimage","url":"","contentUrl":""},{"@type":"BreadcrumbList","@id":"http:\/\/kemer.grandhotelderin.com\/index.php\/2023\/08\/13\/konserve-koyu-halk-plaji\/#breadcrumb","itemListElement":[{"@type":"ListItem","position":1,"name":"Anasayfa","item":"https:\/\/kemer.grandhotelderin.com\/"},{"@type":"ListItem","position":2,"name":"Konserve Koyu Halk Plaj\u0131 Nerede, Nas\u0131l Gidilir?"}]},{"@type":"WebSite","@id":"https:\/\/kemer.grandhotelderin.com\/#website","url":"https:\/\/kemer.grandhotelderin.com\/","name":"Kemer Otelleri","description":"","potentialAction":[{"@type":"SearchAction","target":{"@type":"EntryPoint","urlTemplate":"https:\/\/kemer.grandhotelderin.com\/?s={search_term_string}"},"query-input":{"@type":"PropertyValueSpecification","valueRequired":true,"valueName":"search_term_string"}}],"inLanguage":"tr"},{"@type":"Person","@id":"https:\/\/kemer.grandhotelderin.com\/#\/schema\/person\/d3fd8124c80c636225a272365fa4017d","name":"admin","image":{"@type":"ImageObject","inLanguage":"tr","@id":"https:\/\/secure.gravatar.com\/avatar\/69262a7634a31669ecd9a90e6a8d129de88541c89aeba11b012fcb5326fba0f4?s=96&d=mm&r=g","url":"https:\/\/secure.gravatar.com\/avatar\/69262a7634a31669ecd9a90e6a8d129de88541c89aeba11b012fcb5326fba0f4?s=96&d=mm&r=g","contentUrl":"https:\/\/secure.gravatar.com\/avatar\/69262a7634a31669ecd9a90e6a8d129de88541c89aeba11b012fcb5326fba0f4?s=96&d=mm&r=g","caption":"admin"},"sameAs":["http:\/\/kemer.grandhotelderin.com"],"url":"http:\/\/kemer.grandhotelderin.com\/index.php\/author\/admin\/"}]}},"jetpack_featured_media_url":"","_links":{"self":[{"href":"http:\/\/kemer.grandhotelderin.com\/index.php\/wp-json\/wp\/v2\/posts\/1546","targetHints":{"allow":["GET"]}}],"collection":[{"href":"http:\/\/kemer.grandhotelderin.com\/index.php\/wp-json\/wp\/v2\/posts"}],"about":[{"href":"http:\/\/kemer.grandhotelderin.com\/index.php\/wp-json\/wp\/v2\/types\/post"}],"author":[{"embeddable":true,"href":"http:\/\/kemer.grandhotelderin.com\/index.php\/wp-json\/wp\/v2\/users\/1"}],"replies":[{"embeddable":true,"href":"http:\/\/kemer.grandhotelderin.com\/index.php\/wp-json\/wp\/v2\/comments?post=1546"}],"version-history":[{"count":0,"href":"http:\/\/kemer.grandhotelderin.com\/index.php\/wp-json\/wp\/v2\/posts\/1546\/revisions"}],"wp:featuredmedia":[{"embeddable":true,"href":"http:\/\/kemer.grandhotelderin.com\/index.php\/wp-json\/"}],"wp:attachment":[{"href":"http:\/\/kemer.grandhotelderin.com\/index.php\/wp-json\/wp\/v2\/media?parent=1546"}],"wp:term":[{"taxonomy":"category","embeddable":true,"href":"http:\/\/kemer.grandhotelderin.com\/index.php\/wp-json\/wp\/v2\/categories?post=1546"},{"taxonomy":"post_tag","embeddable":true,"href":"http:\/\/kemer.grandhotelderin.com\/index.php\/wp-json\/wp\/v2\/tags?post=1546"}],"curies":[{"name":"wp","href":"https:\/\/api.w.org\/{rel}","templated":true}]}}