{"id":593,"date":"2023-09-13T20:07:58","date_gmt":"2023-09-13T17:07:58","guid":{"rendered":"https:\/\/kemer.grandhotelderin.com\/?p=593"},"modified":"2023-09-13T20:07:58","modified_gmt":"2023-09-13T17:07:58","slug":"cirali-plaji-nerede-nasil-gidilir","status":"publish","type":"post","link":"http:\/\/kemer.grandhotelderin.com\/index.php\/2023\/09\/13\/cirali-plaji-nerede-nasil-gidilir\/","title":{"rendered":"\u00c7\u0131ral\u0131 Plaj\u0131 Nerede, Nas\u0131l Gidilir?"},"content":{"rendered":"\n\n<div class=\"kk-star-ratings kksr-auto kksr-align-left kksr-valign-top\"\n    data-payload='{&quot;align&quot;:&quot;left&quot;,&quot;id&quot;:&quot;593&quot;,&quot;slug&quot;:&quot;default&quot;,&quot;valign&quot;:&quot;top&quot;,&quot;ignore&quot;:&quot;&quot;,&quot;reference&quot;:&quot;auto&quot;,&quot;class&quot;:&quot;&quot;,&quot;count&quot;:&quot;0&quot;,&quot;legendonly&quot;:&quot;&quot;,&quot;readonly&quot;:&quot;&quot;,&quot;score&quot;:&quot;0&quot;,&quot;starsonly&quot;:&quot;&quot;,&quot;best&quot;:&quot;5&quot;,&quot;gap&quot;:&quot;5&quot;,&quot;greet&quot;:&quot;Rate this post&quot;,&quot;legend&quot;:&quot;0\\\/5 - (0 votes)&quot;,&quot;size&quot;:&quot;24&quot;,&quot;title&quot;:&quot;\u00c7\u0131ral\u0131 Plaj\u0131 Nerede, Nas\u0131l Gidilir?&quot;,&quot;width&quot;:&quot;0&quot;,&quot;_legend&quot;:&quot;{score}\\\/{best} - ({count} {votes})&quot;,&quot;font_factor&quot;:&quot;1.25&quot;}'>\n            \n<div class=\"kksr-stars\">\n    \n<div class=\"kksr-stars-inactive\">\n            <div class=\"kksr-star\" data-star=\"1\" style=\"padding-right: 5px\">\n            \n\n<div class=\"kksr-icon\" style=\"width: 24px; height: 24px;\"><\/div>\n        <\/div>\n            <div class=\"kksr-star\" data-star=\"2\" style=\"padding-right: 5px\">\n            \n\n<div class=\"kksr-icon\" style=\"width: 24px; height: 24px;\"><\/div>\n        <\/div>\n            <div class=\"kksr-star\" data-star=\"3\" style=\"padding-right: 5px\">\n            \n\n<div class=\"kksr-icon\" style=\"width: 24px; height: 24px;\"><\/div>\n        <\/div>\n            <div class=\"kksr-star\" data-star=\"4\" style=\"padding-right: 5px\">\n            \n\n<div class=\"kksr-icon\" style=\"width: 24px; height: 24px;\"><\/div>\n        <\/div>\n            <div class=\"kksr-star\" data-star=\"5\" style=\"padding-right: 5px\">\n            \n\n<div class=\"kksr-icon\" style=\"width: 24px; height: 24px;\"><\/div>\n        <\/div>\n    <\/div>\n    \n<div class=\"kksr-stars-active\" style=\"width: 0px;\">\n            <div class=\"kksr-star\" style=\"padding-right: 5px\">\n            \n\n<div class=\"kksr-icon\" style=\"width: 24px; height: 24px;\"><\/div>\n        <\/div>\n            <div class=\"kksr-star\" style=\"padding-right: 5px\">\n            \n\n<div class=\"kksr-icon\" style=\"width: 24px; height: 24px;\"><\/div>\n        <\/div>\n            <div class=\"kksr-star\" style=\"padding-right: 5px\">\n            \n\n<div class=\"kksr-icon\" style=\"width: 24px; height: 24px;\"><\/div>\n        <\/div>\n            <div class=\"kksr-star\" style=\"padding-right: 5px\">\n            \n\n<div class=\"kksr-icon\" style=\"width: 24px; height: 24px;\"><\/div>\n        <\/div>\n            <div class=\"kksr-star\" style=\"padding-right: 5px\">\n            \n\n<div class=\"kksr-icon\" style=\"width: 24px; height: 24px;\"><\/div>\n        <\/div>\n    <\/div>\n<\/div>\n                \n\n<div class=\"kksr-legend\" style=\"font-size: 19.2px;\">\n            <span class=\"kksr-muted\">Rate this post<\/span>\n    <\/div>\n    <\/div>\n\n<p>\u00c7\u0131ral\u0131 Plaj\u0131, d\u00fcnyaca \u00fcnl\u00fc <strong>Caretta caretta<\/strong> deniz kaplumba\u011falar\u0131na ev sahipli\u011fi yapmaktad\u0131r. Ayn\u0131 ad\u0131 ta\u015f\u0131yan <strong>\u00c7\u0131ral\u0131 mevkii<\/strong>nde bulunan plaj\u0131n her iki yan\u0131 da kayalarla \u00e7evrili ve hafif ta\u015fl\u0131 olmas\u0131na ra\u011fmen ince taneli alt\u0131n sar\u0131s\u0131 kumsal\u0131 buraya gelen misafirlerin ve turistlerin ilgisini \u00e7ekmektedir.<\/p>\n\n\n\n<p>Sahil boyunca ince \u00e7ak\u0131l ve kumdan olu\u015fan <strong>\u00c7\u0131ral\u0131 Plaj\u0131<\/strong>; Olympos ve Yanarta\u015f\u2019a yak\u0131nl\u0131\u011f\u0131 ile son d\u00f6nemde pop\u00fcler bir yer haline gelmi\u015ftir. Kral Zeus\u2019un mezar\u0131n\u0131n bulundu\u011fu yer ve antin tiyatro ile hamam gibi kal\u0131nt\u0131lar\u0131n s\u0131raland\u0131\u011f\u0131 alan \u00fczerindeki plaj buraya gelenleri Roma devrinde k\u0131sa bir tarihi yolculu\u011fa \u00e7\u0131karmaktad\u0131r.<\/p>\n\n\n<div class=\"wp-block-image\">\n<figure class=\"aligncenter size-full\"><img decoding=\"async\" src=\"https:\/\/kemer.grandhotelderin.com\/wp-content\/uploads\/2023\/05\/cirali-plaji-nerede.jpg\" alt=\"\u00c7\u0131ral\u0131 Plaj\u0131\" class=\"wp-image-596\"\/><\/figure>\n<\/div>\n\n\n<p>Tarih, k\u00fclt\u00fcr ve do\u011fa turizmi a\u00e7\u0131s\u0131ndan \u00f6nemli bir potansiyele sahip olan plaj, 1. dereceden sit alan\u0131d\u0131r. <strong>Mavi bayrakl\u0131 plaj<\/strong> unvan\u0131 da alan plaja giri\u015fler ise \u00fccretsizdir. B\u00f6lgede g\u00fcn\u00fcbirlik tekne turlar\u0131yla <strong>Ceneviz Koyu<\/strong>, <strong>Olympos<\/strong> ve <strong>Adrasan<\/strong> gibi pop\u00fcler koylara gezintiye \u00e7\u0131kabilir ve unutulmaz bir g\u00fcn ya\u015fayabilirsiniz.<\/p>\n\n\n\n<h2 class=\"wp-block-heading\">\u00c7\u0131ral\u0131 Plaj\u0131 Nerede?<\/h2>\n\n\n\n<p>\u00c7\u0131ral\u0131 Plaj\u0131, Antalya ilinin <strong>Kemer<\/strong> il\u00e7esinde \u015firin bir kasabadad\u0131r. <strong>Olympos Plaj\u0131<\/strong> ile birlikte b\u00f6lgede denize girilebilecek en g\u00fczel yerler aras\u0131nda bulunan plaj ayr\u0131ca Antalya\u2019n\u0131n el de\u011fmemi\u015f bakir koylar\u0131ndand\u0131r.<\/p>\n\n\n\n<p>Olduk\u00e7a uzun bir plaja sahip olan b\u00f6lge, temizli\u011fi kadar ta\u015f ve kumsal birikintilerine de sahiptir. Kamp yapman\u0131n yasak oldu\u011fu plajda bulunan ormanl\u0131k alan <strong>halka a\u00e7\u0131k<\/strong>t\u0131r.<\/p>\n\n\n\n<h2 class=\"wp-block-heading\">\u00c7\u0131ral\u0131 Plaj\u0131&#8217;na Nas\u0131l Gidilir?<\/h2>\n\n\n\n<p>\u00c7\u0131ral\u0131 Plaj\u0131\u2019na ula\u015fabilmek i\u00e7in \u00f6ncelikle Kemer il\u00e7esine gelmeniz gerekmektedir. Buradaki \u015firin bir kasabada bulunan plaj, <strong>Antalya<\/strong> merkeze 84 km, \u00c7\u0131ral\u0131\u2019ya ise 3.5 km kadar mesafededir.<\/p>\n\n\n<div class=\"wp-block-image\">\n<figure class=\"aligncenter size-full\"><img decoding=\"async\" src=\"https:\/\/kemer.grandhotelderin.com\/wp-content\/uploads\/2023\/05\/cirali-plaji-nasil-gidilir.jpg\" alt=\"\u00c7\u0131ral\u0131 Plaj\u0131\" class=\"wp-image-595\"\/><\/figure>\n<\/div>\n\n\n<p>Antalya Otogar\u0131ndan \u00c7i\u00e7ek Tur ya da Antalya Tur otob\u00fcsleriyle <strong>\u00c7\u0131ral\u0131<\/strong>\u2019ya rahatl\u0131kla ula\u015fabilirsiniz. Ayr\u0131ca otogardan kalkan <strong>Kumluca-Ka\u015f<\/strong> istikametine seyahat eden otob\u00fcslerle \u00c7\u0131ral\u0131 kav\u015fa\u011f\u0131nda inerek buradan dolmu\u015flarla plaja varabilirsiniz.<\/p>\n\n\n\n<p>Caretta caretta deniz kaplumba\u011falar\u0131n\u0131n \u00fcreme zamanlar\u0131nda \u00c7\u0131ral\u0131 Plaj\u0131 sahiline 21.30-06.30 saatleri aras\u0131nda <strong>girmek yasak<\/strong>t\u0131r.<\/p>\n\n\n\n<h2 class=\"wp-block-heading\">\u00c7\u0131ral\u0131 Plaj\u0131 Konumu<\/h2>\n\n\n\n<iframe src=\"https:\/\/www.google.com\/maps\/embed?pb=!1m18!1m12!1m3!1d12843.553445847032!2d30.473256835139278!3d36.41189623048439!2m3!1f0!2f0!3f0!3m2!1i1024!2i768!4f13.1!3m3!1m2!1s0x14c235d2d536719d%3A0xe13da8f52a11bdf6!2zw4fEsXJhbMSxIFBsYWrEsQ!5e0!3m2!1str!2str!4v1683750019090!5m2!1str!2str\" width=\"600\" height=\"450\" style=\"border:0;\" allowfullscreen=\"\" loading=\"lazy\" referrerpolicy=\"no-referrer-when-downgrade\"><\/iframe>\n","protected":false},"excerpt":{"rendered":"<p>\u00c7\u0131ral\u0131 Plaj\u0131, d\u00fcnyaca \u00fcnl\u00fc Caretta caretta deniz kaplumba\u011falar\u0131na ev sahipli\u011fi yapmaktad\u0131r. Ayn\u0131 ad\u0131 ta\u015f\u0131yan \u00c7\u0131ral\u0131 mevkiinde bulunan plaj\u0131n her iki yan\u0131 da kayalarla \u00e7evrili ve hafif ta\u015fl\u0131 olmas\u0131na ra\u011fmen ince taneli alt\u0131n sar\u0131s\u0131 kumsal\u0131 buraya gelen misafirlerin ve turistlerin ilgisini \u00e7ekmektedir. Sahil boyunca ince \u00e7ak\u0131l ve kumdan olu\u015fan \u00c7\u0131ral\u0131 Plaj\u0131; Olympos ve Yanarta\u015f\u2019a yak\u0131nl\u0131\u011f\u0131 ile [&hellip;]<\/p>\n","protected":false},"author":1,"featured_media":594,"comment_status":"open","ping_status":"open","sticky":false,"template":"","format":"standard","meta":{"content-type":"","_joinchat":[],"footnotes":""},"categories":[7],"tags":[22,38,39,76],"class_list":{"0":"post-593","1":"post","2":"type-post","3":"status-publish","4":"format-standard","5":"has-post-thumbnail","7":"category-gezilecek-yerler","8":"tag-antalya","9":"tag-cirali","10":"tag-cirali-plaji","11":"tag-kemer"},"yoast_head":"<!-- This site is optimized with the Yoast SEO plugin v27.3 - https:\/\/yoast.com\/product\/yoast-seo-wordpress\/ -->\n<title>\u00c7\u0131ral\u0131 Plaj\u0131 Nerede, Nas\u0131l Gidilir? - Kemer Otelleri<\/title>\n<meta name=\"description\" content=\"\u00c7\u0131ral\u0131 Plaj\u0131, Kemer&#039;in \u015firin bir kasabas\u0131nda mavi bayrakl\u0131 plajlar aras\u0131nda yer al\u0131p d\u00fcnyaca \u00fcnl\u00fc Caretta caretta kaplumba\u011falar\u0131n \u00fcreme yerlerindedir.\" \/>\n<meta name=\"robots\" content=\"index, follow, max-snippet:-1, max-image-preview:large, max-video-preview:-1\" \/>\n<link rel=\"canonical\" href=\"http:\/\/kemer.grandhotelderin.com\/index.php\/2023\/09\/13\/cirali-plaji-nerede-nasil-gidilir\/\" \/>\n<meta property=\"og:locale\" content=\"tr_TR\" \/>\n<meta property=\"og:type\" content=\"article\" \/>\n<meta property=\"og:title\" content=\"\u00c7\u0131ral\u0131 Plaj\u0131 Nerede, Nas\u0131l Gidilir? - Kemer Otelleri\" \/>\n<meta property=\"og:description\" content=\"\u00c7\u0131ral\u0131 Plaj\u0131, Kemer&#039;in \u015firin bir kasabas\u0131nda mavi bayrakl\u0131 plajlar aras\u0131nda yer al\u0131p d\u00fcnyaca \u00fcnl\u00fc Caretta caretta kaplumba\u011falar\u0131n \u00fcreme yerlerindedir.\" \/>\n<meta property=\"og:url\" content=\"http:\/\/kemer.grandhotelderin.com\/index.php\/2023\/09\/13\/cirali-plaji-nerede-nasil-gidilir\/\" \/>\n<meta property=\"og:site_name\" content=\"Kemer Otelleri\" \/>\n<meta property=\"article:published_time\" content=\"2023-09-13T17:07:58+00:00\" \/>\n<meta name=\"author\" content=\"admin\" \/>\n<meta name=\"twitter:card\" content=\"summary_large_image\" \/>\n<meta name=\"twitter:label1\" content=\"Yazan:\" \/>\n\t<meta name=\"twitter:data1\" content=\"admin\" \/>\n\t<meta name=\"twitter:label2\" content=\"Tahmini okuma s\u00fcresi\" \/>\n\t<meta name=\"twitter:data2\" content=\"2 dakika\" \/>\n<script type=\"application\/ld+json\" class=\"yoast-schema-graph\">{\"@context\":\"https:\\\/\\\/schema.org\",\"@graph\":[{\"@type\":\"Article\",\"@id\":\"http:\\\/\\\/kemer.grandhotelderin.com\\\/index.php\\\/2023\\\/09\\\/13\\\/cirali-plaji-nerede-nasil-gidilir\\\/#article\",\"isPartOf\":{\"@id\":\"http:\\\/\\\/kemer.grandhotelderin.com\\\/index.php\\\/2023\\\/09\\\/13\\\/cirali-plaji-nerede-nasil-gidilir\\\/\"},\"author\":{\"name\":\"admin\",\"@id\":\"https:\\\/\\\/kemer.grandhotelderin.com\\\/#\\\/schema\\\/person\\\/d3fd8124c80c636225a272365fa4017d\"},\"headline\":\"\u00c7\u0131ral\u0131 Plaj\u0131 Nerede, Nas\u0131l Gidilir?\",\"datePublished\":\"2023-09-13T17:07:58+00:00\",\"mainEntityOfPage\":{\"@id\":\"http:\\\/\\\/kemer.grandhotelderin.com\\\/index.php\\\/2023\\\/09\\\/13\\\/cirali-plaji-nerede-nasil-gidilir\\\/\"},\"wordCount\":352,\"commentCount\":0,\"image\":{\"@id\":\"http:\\\/\\\/kemer.grandhotelderin.com\\\/index.php\\\/2023\\\/09\\\/13\\\/cirali-plaji-nerede-nasil-gidilir\\\/#primaryimage\"},\"thumbnailUrl\":\"\",\"keywords\":[\"Antalya\",\"\u00c7\u0131ral\u0131\",\"\u00c7\u0131ral\u0131 Plaj\u0131\",\"Kemer\"],\"articleSection\":[\"Gezilecek Yerler\"],\"inLanguage\":\"tr\",\"potentialAction\":[{\"@type\":\"CommentAction\",\"name\":\"Comment\",\"target\":[\"http:\\\/\\\/kemer.grandhotelderin.com\\\/index.php\\\/2023\\\/09\\\/13\\\/cirali-plaji-nerede-nasil-gidilir\\\/#respond\"]}]},{\"@type\":\"WebPage\",\"@id\":\"http:\\\/\\\/kemer.grandhotelderin.com\\\/index.php\\\/2023\\\/09\\\/13\\\/cirali-plaji-nerede-nasil-gidilir\\\/\",\"url\":\"http:\\\/\\\/kemer.grandhotelderin.com\\\/index.php\\\/2023\\\/09\\\/13\\\/cirali-plaji-nerede-nasil-gidilir\\\/\",\"name\":\"\u00c7\u0131ral\u0131 Plaj\u0131 Nerede, Nas\u0131l Gidilir? - Kemer Otelleri\",\"isPartOf\":{\"@id\":\"https:\\\/\\\/kemer.grandhotelderin.com\\\/#website\"},\"primaryImageOfPage\":{\"@id\":\"http:\\\/\\\/kemer.grandhotelderin.com\\\/index.php\\\/2023\\\/09\\\/13\\\/cirali-plaji-nerede-nasil-gidilir\\\/#primaryimage\"},\"image\":{\"@id\":\"http:\\\/\\\/kemer.grandhotelderin.com\\\/index.php\\\/2023\\\/09\\\/13\\\/cirali-plaji-nerede-nasil-gidilir\\\/#primaryimage\"},\"thumbnailUrl\":\"\",\"datePublished\":\"2023-09-13T17:07:58+00:00\",\"author\":{\"@id\":\"https:\\\/\\\/kemer.grandhotelderin.com\\\/#\\\/schema\\\/person\\\/d3fd8124c80c636225a272365fa4017d\"},\"description\":\"\u00c7\u0131ral\u0131 Plaj\u0131, Kemer'in \u015firin bir kasabas\u0131nda mavi bayrakl\u0131 plajlar aras\u0131nda yer al\u0131p d\u00fcnyaca \u00fcnl\u00fc Caretta caretta kaplumba\u011falar\u0131n \u00fcreme yerlerindedir.\",\"breadcrumb\":{\"@id\":\"http:\\\/\\\/kemer.grandhotelderin.com\\\/index.php\\\/2023\\\/09\\\/13\\\/cirali-plaji-nerede-nasil-gidilir\\\/#breadcrumb\"},\"inLanguage\":\"tr\",\"potentialAction\":[{\"@type\":\"ReadAction\",\"target\":[\"http:\\\/\\\/kemer.grandhotelderin.com\\\/index.php\\\/2023\\\/09\\\/13\\\/cirali-plaji-nerede-nasil-gidilir\\\/\"]}]},{\"@type\":\"ImageObject\",\"inLanguage\":\"tr\",\"@id\":\"http:\\\/\\\/kemer.grandhotelderin.com\\\/index.php\\\/2023\\\/09\\\/13\\\/cirali-plaji-nerede-nasil-gidilir\\\/#primaryimage\",\"url\":\"\",\"contentUrl\":\"\"},{\"@type\":\"BreadcrumbList\",\"@id\":\"http:\\\/\\\/kemer.grandhotelderin.com\\\/index.php\\\/2023\\\/09\\\/13\\\/cirali-plaji-nerede-nasil-gidilir\\\/#breadcrumb\",\"itemListElement\":[{\"@type\":\"ListItem\",\"position\":1,\"name\":\"Anasayfa\",\"item\":\"https:\\\/\\\/kemer.grandhotelderin.com\\\/\"},{\"@type\":\"ListItem\",\"position\":2,\"name\":\"\u00c7\u0131ral\u0131 Plaj\u0131 Nerede, Nas\u0131l Gidilir?\"}]},{\"@type\":\"WebSite\",\"@id\":\"https:\\\/\\\/kemer.grandhotelderin.com\\\/#website\",\"url\":\"https:\\\/\\\/kemer.grandhotelderin.com\\\/\",\"name\":\"Kemer Otelleri\",\"description\":\"\",\"potentialAction\":[{\"@type\":\"SearchAction\",\"target\":{\"@type\":\"EntryPoint\",\"urlTemplate\":\"https:\\\/\\\/kemer.grandhotelderin.com\\\/?s={search_term_string}\"},\"query-input\":{\"@type\":\"PropertyValueSpecification\",\"valueRequired\":true,\"valueName\":\"search_term_string\"}}],\"inLanguage\":\"tr\"},{\"@type\":\"Person\",\"@id\":\"https:\\\/\\\/kemer.grandhotelderin.com\\\/#\\\/schema\\\/person\\\/d3fd8124c80c636225a272365fa4017d\",\"name\":\"admin\",\"image\":{\"@type\":\"ImageObject\",\"inLanguage\":\"tr\",\"@id\":\"https:\\\/\\\/secure.gravatar.com\\\/avatar\\\/69262a7634a31669ecd9a90e6a8d129de88541c89aeba11b012fcb5326fba0f4?s=96&d=mm&r=g\",\"url\":\"https:\\\/\\\/secure.gravatar.com\\\/avatar\\\/69262a7634a31669ecd9a90e6a8d129de88541c89aeba11b012fcb5326fba0f4?s=96&d=mm&r=g\",\"contentUrl\":\"https:\\\/\\\/secure.gravatar.com\\\/avatar\\\/69262a7634a31669ecd9a90e6a8d129de88541c89aeba11b012fcb5326fba0f4?s=96&d=mm&r=g\",\"caption\":\"admin\"},\"sameAs\":[\"http:\\\/\\\/kemer.grandhotelderin.com\"],\"url\":\"http:\\\/\\\/kemer.grandhotelderin.com\\\/index.php\\\/author\\\/admin\\\/\"}]}<\/script>\n<!-- \/ Yoast SEO plugin. -->","yoast_head_json":{"title":"\u00c7\u0131ral\u0131 Plaj\u0131 Nerede, Nas\u0131l Gidilir? - Kemer Otelleri","description":"\u00c7\u0131ral\u0131 Plaj\u0131, Kemer'in \u015firin bir kasabas\u0131nda mavi bayrakl\u0131 plajlar aras\u0131nda yer al\u0131p d\u00fcnyaca \u00fcnl\u00fc Caretta caretta kaplumba\u011falar\u0131n \u00fcreme yerlerindedir.","robots":{"index":"index","follow":"follow","max-snippet":"max-snippet:-1","max-image-preview":"max-image-preview:large","max-video-preview":"max-video-preview:-1"},"canonical":"http:\/\/kemer.grandhotelderin.com\/index.php\/2023\/09\/13\/cirali-plaji-nerede-nasil-gidilir\/","og_locale":"tr_TR","og_type":"article","og_title":"\u00c7\u0131ral\u0131 Plaj\u0131 Nerede, Nas\u0131l Gidilir? - Kemer Otelleri","og_description":"\u00c7\u0131ral\u0131 Plaj\u0131, Kemer'in \u015firin bir kasabas\u0131nda mavi bayrakl\u0131 plajlar aras\u0131nda yer al\u0131p d\u00fcnyaca \u00fcnl\u00fc Caretta caretta kaplumba\u011falar\u0131n \u00fcreme yerlerindedir.","og_url":"http:\/\/kemer.grandhotelderin.com\/index.php\/2023\/09\/13\/cirali-plaji-nerede-nasil-gidilir\/","og_site_name":"Kemer Otelleri","article_published_time":"2023-09-13T17:07:58+00:00","author":"admin","twitter_card":"summary_large_image","twitter_misc":{"Yazan:":"admin","Tahmini okuma s\u00fcresi":"2 dakika"},"schema":{"@context":"https:\/\/schema.org","@graph":[{"@type":"Article","@id":"http:\/\/kemer.grandhotelderin.com\/index.php\/2023\/09\/13\/cirali-plaji-nerede-nasil-gidilir\/#article","isPartOf":{"@id":"http:\/\/kemer.grandhotelderin.com\/index.php\/2023\/09\/13\/cirali-plaji-nerede-nasil-gidilir\/"},"author":{"name":"admin","@id":"https:\/\/kemer.grandhotelderin.com\/#\/schema\/person\/d3fd8124c80c636225a272365fa4017d"},"headline":"\u00c7\u0131ral\u0131 Plaj\u0131 Nerede, Nas\u0131l Gidilir?","datePublished":"2023-09-13T17:07:58+00:00","mainEntityOfPage":{"@id":"http:\/\/kemer.grandhotelderin.com\/index.php\/2023\/09\/13\/cirali-plaji-nerede-nasil-gidilir\/"},"wordCount":352,"commentCount":0,"image":{"@id":"http:\/\/kemer.grandhotelderin.com\/index.php\/2023\/09\/13\/cirali-plaji-nerede-nasil-gidilir\/#primaryimage"},"thumbnailUrl":"","keywords":["Antalya","\u00c7\u0131ral\u0131","\u00c7\u0131ral\u0131 Plaj\u0131","Kemer"],"articleSection":["Gezilecek Yerler"],"inLanguage":"tr","potentialAction":[{"@type":"CommentAction","name":"Comment","target":["http:\/\/kemer.grandhotelderin.com\/index.php\/2023\/09\/13\/cirali-plaji-nerede-nasil-gidilir\/#respond"]}]},{"@type":"WebPage","@id":"http:\/\/kemer.grandhotelderin.com\/index.php\/2023\/09\/13\/cirali-plaji-nerede-nasil-gidilir\/","url":"http:\/\/kemer.grandhotelderin.com\/index.php\/2023\/09\/13\/cirali-plaji-nerede-nasil-gidilir\/","name":"\u00c7\u0131ral\u0131 Plaj\u0131 Nerede, Nas\u0131l Gidilir? - Kemer Otelleri","isPartOf":{"@id":"https:\/\/kemer.grandhotelderin.com\/#website"},"primaryImageOfPage":{"@id":"http:\/\/kemer.grandhotelderin.com\/index.php\/2023\/09\/13\/cirali-plaji-nerede-nasil-gidilir\/#primaryimage"},"image":{"@id":"http:\/\/kemer.grandhotelderin.com\/index.php\/2023\/09\/13\/cirali-plaji-nerede-nasil-gidilir\/#primaryimage"},"thumbnailUrl":"","datePublished":"2023-09-13T17:07:58+00:00","author":{"@id":"https:\/\/kemer.grandhotelderin.com\/#\/schema\/person\/d3fd8124c80c636225a272365fa4017d"},"description":"\u00c7\u0131ral\u0131 Plaj\u0131, Kemer'in \u015firin bir kasabas\u0131nda mavi bayrakl\u0131 plajlar aras\u0131nda yer al\u0131p d\u00fcnyaca \u00fcnl\u00fc Caretta caretta kaplumba\u011falar\u0131n \u00fcreme yerlerindedir.","breadcrumb":{"@id":"http:\/\/kemer.grandhotelderin.com\/index.php\/2023\/09\/13\/cirali-plaji-nerede-nasil-gidilir\/#breadcrumb"},"inLanguage":"tr","potentialAction":[{"@type":"ReadAction","target":["http:\/\/kemer.grandhotelderin.com\/index.php\/2023\/09\/13\/cirali-plaji-nerede-nasil-gidilir\/"]}]},{"@type":"ImageObject","inLanguage":"tr","@id":"http:\/\/kemer.grandhotelderin.com\/index.php\/2023\/09\/13\/cirali-plaji-nerede-nasil-gidilir\/#primaryimage","url":"","contentUrl":""},{"@type":"BreadcrumbList","@id":"http:\/\/kemer.grandhotelderin.com\/index.php\/2023\/09\/13\/cirali-plaji-nerede-nasil-gidilir\/#breadcrumb","itemListElement":[{"@type":"ListItem","position":1,"name":"Anasayfa","item":"https:\/\/kemer.grandhotelderin.com\/"},{"@type":"ListItem","position":2,"name":"\u00c7\u0131ral\u0131 Plaj\u0131 Nerede, Nas\u0131l Gidilir?"}]},{"@type":"WebSite","@id":"https:\/\/kemer.grandhotelderin.com\/#website","url":"https:\/\/kemer.grandhotelderin.com\/","name":"Kemer Otelleri","description":"","potentialAction":[{"@type":"SearchAction","target":{"@type":"EntryPoint","urlTemplate":"https:\/\/kemer.grandhotelderin.com\/?s={search_term_string}"},"query-input":{"@type":"PropertyValueSpecification","valueRequired":true,"valueName":"search_term_string"}}],"inLanguage":"tr"},{"@type":"Person","@id":"https:\/\/kemer.grandhotelderin.com\/#\/schema\/person\/d3fd8124c80c636225a272365fa4017d","name":"admin","image":{"@type":"ImageObject","inLanguage":"tr","@id":"https:\/\/secure.gravatar.com\/avatar\/69262a7634a31669ecd9a90e6a8d129de88541c89aeba11b012fcb5326fba0f4?s=96&d=mm&r=g","url":"https:\/\/secure.gravatar.com\/avatar\/69262a7634a31669ecd9a90e6a8d129de88541c89aeba11b012fcb5326fba0f4?s=96&d=mm&r=g","contentUrl":"https:\/\/secure.gravatar.com\/avatar\/69262a7634a31669ecd9a90e6a8d129de88541c89aeba11b012fcb5326fba0f4?s=96&d=mm&r=g","caption":"admin"},"sameAs":["http:\/\/kemer.grandhotelderin.com"],"url":"http:\/\/kemer.grandhotelderin.com\/index.php\/author\/admin\/"}]}},"jetpack_featured_media_url":"","_links":{"self":[{"href":"http:\/\/kemer.grandhotelderin.com\/index.php\/wp-json\/wp\/v2\/posts\/593","targetHints":{"allow":["GET"]}}],"collection":[{"href":"http:\/\/kemer.grandhotelderin.com\/index.php\/wp-json\/wp\/v2\/posts"}],"about":[{"href":"http:\/\/kemer.grandhotelderin.com\/index.php\/wp-json\/wp\/v2\/types\/post"}],"author":[{"embeddable":true,"href":"http:\/\/kemer.grandhotelderin.com\/index.php\/wp-json\/wp\/v2\/users\/1"}],"replies":[{"embeddable":true,"href":"http:\/\/kemer.grandhotelderin.com\/index.php\/wp-json\/wp\/v2\/comments?post=593"}],"version-history":[{"count":0,"href":"http:\/\/kemer.grandhotelderin.com\/index.php\/wp-json\/wp\/v2\/posts\/593\/revisions"}],"wp:featuredmedia":[{"embeddable":true,"href":"http:\/\/kemer.grandhotelderin.com\/index.php\/wp-json\/"}],"wp:attachment":[{"href":"http:\/\/kemer.grandhotelderin.com\/index.php\/wp-json\/wp\/v2\/media?parent=593"}],"wp:term":[{"taxonomy":"category","embeddable":true,"href":"http:\/\/kemer.grandhotelderin.com\/index.php\/wp-json\/wp\/v2\/categories?post=593"},{"taxonomy":"post_tag","embeddable":true,"href":"http:\/\/kemer.grandhotelderin.com\/index.php\/wp-json\/wp\/v2\/tags?post=593"}],"curies":[{"name":"wp","href":"https:\/\/api.w.org\/{rel}","templated":true}]}}